{"id":95063,"date":"2018-04-03T17:55:08","date_gmt":"2018-04-03T20:55:08","guid":{"rendered":"http:\/\/diarioregionaljf.com.br\/2018\/04\/03\/cartao-de-informacao-do-candidato-do-concurso-da-educacao-ja-esta-disponivel\/"},"modified":"2018-04-03T17:55:08","modified_gmt":"2018-04-03T20:55:08","slug":"cartao-de-informacao-do-candidato-do-concurso-da-educacao-ja-esta-disponivel","status":"publish","type":"post","link":"https:\/\/diarioregionaldigital.com.br\/?p=95063","title":{"rendered":"Cart\u00e3o de informa\u00e7\u00e3o do candidato do concurso da Educa\u00e7\u00e3o j\u00e1 est\u00e1 dispon\u00edvel"},"content":{"rendered":"<p>Os candidatos inscritos no concurso da Secretaria de Estado de Educa\u00e7\u00e3o (SEE), de Edital SEE n\u00ba 07\/2017, j\u00e1 podem consultar o cart\u00e3o de informa\u00e7\u00e3o, contendo o local, a sala e o hor\u00e1rio de realiza\u00e7\u00e3o das provas.<\/p>\n<p>O cart\u00e3o est\u00e1 dispon\u00edvel no <a href=\"https:\/\/web.sistemas.pucminas.br\/GPS.Inscricao\/PortalCandidato\/Login\/53ADE12A-5D01-41B3-A899-28C371EBFF8E\">site da Fumarc<\/a>. Para acess\u00e1-lo, o candidato deve informar o CPF e o n\u00famero de inscri\u00e7\u00e3o. As provas do concurso p\u00fablico da Educa\u00e7\u00e3o ser\u00e3o realizadas no pr\u00f3ximo domingo, dia 8 de abril.<\/p>\n<p>As inscri\u00e7\u00f5es para o concurso foram realizadas no per\u00edodo de 26 de fevereiro a 8 de mar\u00e7o. Foram inscritos no concurso um total de 178.489 candidatos, sendo 47.109 para o cargo de Especialista em Educa\u00e7\u00e3o B\u00e1sica (EEB) e 131.380 para o cargo de Professor de Educa\u00e7\u00e3o B\u00e1sica (PEB).<\/p>\n<p>S\u00e3o ofertadas 16 mil vagas para PEB de v\u00e1rias disciplinas e 700 vagas para EEB. As oportunidades contemplam todas as 47 Superintend\u00eancias Regionais de Ensino.<\/p>\n<p>Para as vagas de Especialista, os servidores poder\u00e3o atuar como orientadores educacionais, supervisores ou coordenadores pedag\u00f3gicos, desempenhando fun\u00e7\u00f5es fundamentais na organiza\u00e7\u00e3o da escola e no aprimoramento dos processos de ensino.<\/p>\n<p>J\u00e1 os cargos de Professor abrangem as disciplinas de Artes, Biologia\/Ci\u00eancias, Educa\u00e7\u00e3o F\u00edsica, Filosofia, F\u00edsica, Hist\u00f3ria, Geografia, Ingl\u00eas, Qu\u00edmica, L\u00edngua Portuguesa, Matem\u00e1tica e Sociologia, que comp\u00f5em o curr\u00edculo b\u00e1sico dos anos finais do ensino fundamental e de todo o ensino m\u00e9dio.<\/p>\n<p>Para a carreira de PEB, as 16 mil vagas est\u00e3o distribu\u00eddas entre 848 munic\u00edpios mineiros, no universo de 852 munic\u00edpios que contam com escolas estaduais.<\/p>\n<h4>&nbsp;<\/h4>\n<h4>ETAPAS<\/h4>\n<p>O concurso \u00e9 dividido em duas etapas. A primeira consiste na aplica\u00e7\u00e3o das provas objetivas e a segunda na avalia\u00e7\u00e3o de t\u00edtulos. As provas objetivas v\u00e3o contar com 60 quest\u00f5es de L\u00edngua Portuguesa, Matem\u00e1tica, Conhecimentos did\u00e1tico-pedag\u00f3gicos e conhecimentos espec\u00edficos.<\/p>\n<p>Fonte: Ag\u00eancia Minas<\/p>\n","protected":false},"excerpt":{"rendered":"<p>Os candidatos inscritos no concurso da Secretaria de Estado de Educa\u00e7\u00e3o (SEE), de Edital SEE n\u00ba 07\/2017, j\u00e1 podem consultar o cart\u00e3o de informa\u00e7\u00e3o, contendo o local, a sala e o hor\u00e1rio de realiza\u00e7\u00e3o das provas. O cart\u00e3o est\u00e1 dispon\u00edvel no site da Fumarc. Para acess\u00e1-lo, o candidato deve informar o CPF e o n\u00famero [&hellip;]<\/p>\n","protected":false},"author":96,"featured_media":95062,"comment_status":"closed","ping_status":"closed","sticky":false,"template":"","format":"standard","meta":{"footnotes":""},"categories":[252],"tags":[],"class_list":["post-95063","post","type-post","status-publish","format-standard","has-post-thumbnail","hentry","category-regiao"],"_links":{"self":[{"href":"https:\/\/diarioregionaldigital.com.br\/index.php?rest_route=\/wp\/v2\/posts\/95063","targetHints":{"allow":["GET"]}}],"collection":[{"href":"https:\/\/diarioregionaldigital.com.br\/index.php?rest_route=\/wp\/v2\/posts"}],"about":[{"href":"https:\/\/diarioregionaldigital.com.br\/index.php?rest_route=\/wp\/v2\/types\/post"}],"author":[{"embeddable":true,"href":"https:\/\/diarioregionaldigital.com.br\/index.php?rest_route=\/wp\/v2\/users\/96"}],"replies":[{"embeddable":true,"href":"https:\/\/diarioregionaldigital.com.br\/index.php?rest_route=%2Fwp%2Fv2%2Fcomments&post=95063"}],"version-history":[{"count":0,"href":"https:\/\/diarioregionaldigital.com.br\/index.php?rest_route=\/wp\/v2\/posts\/95063\/revisions"}],"wp:featuredmedia":[{"embeddable":true,"href":"https:\/\/diarioregionaldigital.com.br\/index.php?rest_route=\/wp\/v2\/media\/95062"}],"wp:attachment":[{"href":"https:\/\/diarioregionaldigital.com.br\/index.php?rest_route=%2Fwp%2Fv2%2Fmedia&parent=95063"}],"wp:term":[{"taxonomy":"category","embeddable":true,"href":"https:\/\/diarioregionaldigital.com.br\/index.php?rest_route=%2Fwp%2Fv2%2Fcategories&post=95063"},{"taxonomy":"post_tag","embeddable":true,"href":"https:\/\/diarioregionaldigital.com.br\/index.php?rest_route=%2Fwp%2Fv2%2Ftags&post=95063"}],"curies":[{"name":"wp","href":"https:\/\/api.w.org\/{rel}","templated":true}]}}