{"id":95061,"date":"2018-04-03T17:54:13","date_gmt":"2018-04-03T20:54:13","guid":{"rendered":"http:\/\/diarioregionaljf.com.br\/2018\/04\/03\/numero-de-ocupados-cresce-entre-menos-escolarizados\/"},"modified":"2018-04-03T17:54:13","modified_gmt":"2018-04-03T20:54:13","slug":"numero-de-ocupados-cresce-entre-menos-escolarizados","status":"publish","type":"post","link":"https:\/\/diarioregionaldigital.com.br\/?p=95061","title":{"rendered":"N\u00famero de ocupados cresce entre menos escolarizados"},"content":{"rendered":"<p>O recuo da taxa de desocupa\u00e7\u00e3o \u00e9 maior entre trabalhadores com ensino fundamental e m\u00e9dio, jovens e mulheres, concluiu o Instituto de Pesquisa Econ\u00f4mica Aplicada (Ipea) na se\u00e7\u00e3o Mercado de Trabalho da Carta de Conjuntura, publicada nessa ter\u00e7a-feira, 3.<\/p>\n<p>Segundo o Ipea, apesar do aumento registrado no in\u00edcio do ano, devido \u00e0 sazonalidade do per\u00edodo, a taxa de desocupa\u00e7\u00e3o vem caindo na compara\u00e7\u00e3o interanual &#8220;de forma consistente e atinge todos os segmentos da popula\u00e7\u00e3o&#8221;, sendo mais intenso nesse grupo de trabalhadores.<\/p>\n<p>\u201cEmbora ainda se encontre em n\u00edveis muito abaixo dos observados no per\u00edodo pr\u00e9-crise, o contingente de trabalhadores ocupados vem crescendo, na compara\u00e7\u00e3o interanual, desde o trimestre encerrado em julho de 2017, de tal modo que, em fevereiro de 2018, a taxa de expans\u00e3o interanual apontada foi de 2%\u201d, diz o Ipea.<\/p>\n<p>Entre os trabalhadores com ensino m\u00e9dio incompleto, a taxa de desocupa\u00e7\u00e3o caiu de 24,2% para 20,4% entre primeiro e o \u00faltimo trimestre de 2017. Na mesma base de compara\u00e7\u00e3o, o desemprego entre os jovens de 18 a 24 anos recuou de 28,8% para 25,3%. No caso das mulheres, a desocupa\u00e7\u00e3o passou de 15,8% para 13,2%. A mesma taxa para os homens recuou menos, ao passar de 12,2% para 10,5%.<\/p>\n<h4>Rendimentos<\/h4>\n<p>Os maiores aumentos salariais foram auferidos pelos homens (2,6%), pelos trabalhadores com ensino m\u00e9dio incompleto (5%) e pelos moradores das regi\u00f5es Norte (5,4%) e Nordeste (4,3%), na compara\u00e7\u00e3o entre o primeiro e o quarto trimestre de 2017.<\/p>\n<p>O estudo do Ipea foi feito com base em dados da Pesquisa Nacional por Amostra de Domic\u00edlios Cont\u00ednua (Pnad-C), do Instituto Brasileiro de Geografia e Estat\u00edstica (IBGE).<\/p>\n<hr \/>\n<p>&nbsp;Fonte: Ag\u00eancia Brasil&nbsp;<\/p>\n","protected":false},"excerpt":{"rendered":"<p>O recuo da taxa de desocupa\u00e7\u00e3o \u00e9 maior entre trabalhadores com ensino fundamental e m\u00e9dio, jovens e mulheres, concluiu o Instituto de Pesquisa Econ\u00f4mica Aplicada (Ipea) na se\u00e7\u00e3o Mercado de Trabalho da Carta de Conjuntura, publicada nessa ter\u00e7a-feira, 3. Segundo o Ipea, apesar do aumento registrado no in\u00edcio do ano, devido \u00e0 sazonalidade do per\u00edodo, [&hellip;]<\/p>\n","protected":false},"author":96,"featured_media":95060,"comment_status":"closed","ping_status":"closed","sticky":false,"template":"","format":"standard","meta":{"footnotes":""},"categories":[261],"tags":[],"class_list":["post-95061","post","type-post","status-publish","format-standard","has-post-thumbnail","hentry","category-economia"],"_links":{"self":[{"href":"https:\/\/diarioregionaldigital.com.br\/index.php?rest_route=\/wp\/v2\/posts\/95061","targetHints":{"allow":["GET"]}}],"collection":[{"href":"https:\/\/diarioregionaldigital.com.br\/index.php?rest_route=\/wp\/v2\/posts"}],"about":[{"href":"https:\/\/diarioregionaldigital.com.br\/index.php?rest_route=\/wp\/v2\/types\/post"}],"author":[{"embeddable":true,"href":"https:\/\/diarioregionaldigital.com.br\/index.php?rest_route=\/wp\/v2\/users\/96"}],"replies":[{"embeddable":true,"href":"https:\/\/diarioregionaldigital.com.br\/index.php?rest_route=%2Fwp%2Fv2%2Fcomments&post=95061"}],"version-history":[{"count":0,"href":"https:\/\/diarioregionaldigital.com.br\/index.php?rest_route=\/wp\/v2\/posts\/95061\/revisions"}],"wp:featuredmedia":[{"embeddable":true,"href":"https:\/\/diarioregionaldigital.com.br\/index.php?rest_route=\/wp\/v2\/media\/95060"}],"wp:attachment":[{"href":"https:\/\/diarioregionaldigital.com.br\/index.php?rest_route=%2Fwp%2Fv2%2Fmedia&parent=95061"}],"wp:term":[{"taxonomy":"category","embeddable":true,"href":"https:\/\/diarioregionaldigital.com.br\/index.php?rest_route=%2Fwp%2Fv2%2Fcategories&post=95061"},{"taxonomy":"post_tag","embeddable":true,"href":"https:\/\/diarioregionaldigital.com.br\/index.php?rest_route=%2Fwp%2Fv2%2Ftags&post=95061"}],"curies":[{"name":"wp","href":"https:\/\/api.w.org\/{rel}","templated":true}]}}