{"id":95057,"date":"2018-04-03T17:41:55","date_gmt":"2018-04-03T20:41:55","guid":{"rendered":"http:\/\/diarioregionaljf.com.br\/2018\/04\/03\/um-terco-dos-desempregados-sobrevive-com-bicos-e-trabalhos-temporarios\/"},"modified":"2018-04-03T17:41:55","modified_gmt":"2018-04-03T20:41:55","slug":"um-terco-dos-desempregados-sobrevive-com-bicos-e-trabalhos-temporarios","status":"publish","type":"post","link":"https:\/\/diarioregionaldigital.com.br\/?p=95057","title":{"rendered":"Um ter\u00e7o dos desempregados sobrevive com bicos e trabalhos tempor\u00e1rios"},"content":{"rendered":"<p>Um ter\u00e7o dos brasileiros desempregados atualmente sobrevive com bicos e trabalhos tempor\u00e1rios, geralmente informais, mostra pesquisa do Servi\u00e7o de Prote\u00e7\u00e3o ao Cr\u00e9dito (SPC Brasil) e da Confedera\u00e7\u00e3o Nacional de Dirigentes Lojistas (CNDL). Para 29%, o sustento vem da ajuda financeira da fam\u00edlia ou amigos e 7% recebem aux\u00edlio do programa Bolsa Fam\u00edlia. Apenas 2% utilizam poupan\u00e7a ou investimentos. O estudo, que entrevistou 600 pessoas nas 27 capitais, revela que a falta de trabalho provocou a queda no padr\u00e3o de vida de seis em cada dez brasileiros.<\/p>\n<p>Entre os trabalhos informais mais comuns, est\u00e3o os servi\u00e7os gerais (21%) \u2013 manuten\u00e7\u00f5es, pedreiro, pintor, eletricista \u2013, produ\u00e7\u00e3o de comida para vender (11%) \u2013 como marmita, doces e salgados \u2013, servi\u00e7os de diaristas e lavagem de roupa (11%) e servi\u00e7os de beleza, como manicure e cabeleireiro (8%). A m\u00e9dia de dedica\u00e7\u00e3o a esse trabalho \u00e9 de tr\u00eas dias por semana. Essa periodicidade revela, segundo o SPC\/CNDL, n\u00e3o apenas uma escolha, mas escassez de oportunidade, pois apenas 12% dos que fazem bicos consideram que est\u00e1 f\u00e1cil conseguir esses trabalhos.<\/p>\n<p>O levantamento revelou tamb\u00e9m que 41% dos desempregados possuem contas em atraso, sendo que 27% est\u00e3o com o nome negativado em servi\u00e7os de prote\u00e7\u00e3o ao cr\u00e9dito. Os d\u00e9bitos mais frequentes s\u00e3o parcelas no cart\u00e3o de loja (25%), faturas do cart\u00e3o de cr\u00e9dito (21%), contas de luz (19%), contas de \u00e1gua (15%) e parcelas do carn\u00ea ou credi\u00e1rio (11%). O tempo de atraso m\u00e9dio das d\u00edvidas \u00e9 de quase sete meses e o valor \u00e9 de R$ 1.967, em m\u00e9dia.<\/p>\n<p>Em rela\u00e7\u00e3o aos h\u00e1bitos de consumo, a pesquisa mostra que mais da metade (52%) dos desempregados brasileiros abandonou algum projeto ou desistiu da aquisi\u00e7\u00e3o de um sonho de consumo por causa da demiss\u00e3o. As iniciativas mais frequentes foram deixar fazer reserva financeira (28%), voltar atr\u00e1s no plano de reformar a casa (25%), desistir de comprar ou trocar o carro (17%) e deixar de comprar m\u00f3veis para a resid\u00eancia (17%). Foram citados ainda os planos de abrir o pr\u00f3prio neg\u00f3cio (16%), realizar uma faculdade ou p\u00f3s-gradua\u00e7\u00e3o (14%) e fazer uma grande viagem (13%). Tamb\u00e9m foi alto o percentual (38%) dos que disseram n\u00e3o ter sonho algum.<\/p>\n<h4>Adapta\u00e7\u00e3o<\/h4>\n<p>Para se adaptar aos cortes na receita dom\u00e9stica, 59% disseram ter mudado o padr\u00e3o de vida. Os cortes mais expressivos foram na compra de roupas, cal\u00e7ados e acess\u00f3rios (65%), sa\u00eddas para bares e baladas (56%), delivery e comida fora de casa (56%), alimentos sup\u00e9rfluos, como carnes nobres, bebidas e iogurtes (52%), atividades de lazer (52%) e gastos com sal\u00e3o de beleza (45%).<\/p>\n<p>As principais despesas que foram mantidas foram: \u00e1gua e luz (65%), produtos de higiene, limpeza e alimenta\u00e7\u00e3o b\u00e1sica (64%), planos de internet (49%), telefonia (45%) e TV por assinatura (40%). H\u00e1 tamb\u00e9m 32% de desempregados que mantiveram plano de sa\u00fade.<\/p>\n<p>Quase metade dos desempregados (46%) passaram a pedir dinheiro emprestado a amigos e familiares e 30% recorreram ao cart\u00e3o de cr\u00e9dito. Como conten\u00e7\u00e3o de gastos, 63% optaram por marcas mais baratas na hora das compras. O levantamento revela ainda que 68% dos entrevistados passaram a fazer mais pesquisas de pre\u00e7os, al\u00e9m de pechinchar (62%).<\/p>\n<hr \/>\n<p>&nbsp;Fonte: Ag\u00eancia Brasil<\/p>\n","protected":false},"excerpt":{"rendered":"<p>Um ter\u00e7o dos brasileiros desempregados atualmente sobrevive com bicos e trabalhos tempor\u00e1rios, geralmente informais, mostra pesquisa do Servi\u00e7o de Prote\u00e7\u00e3o ao Cr\u00e9dito (SPC Brasil) e da Confedera\u00e7\u00e3o Nacional de Dirigentes Lojistas (CNDL). Para 29%, o sustento vem da ajuda financeira da fam\u00edlia ou amigos e 7% recebem aux\u00edlio do programa Bolsa Fam\u00edlia. Apenas 2% utilizam [&hellip;]<\/p>\n","protected":false},"author":96,"featured_media":95056,"comment_status":"closed","ping_status":"closed","sticky":false,"template":"","format":"standard","meta":{"footnotes":""},"categories":[261],"tags":[],"class_list":["post-95057","post","type-post","status-publish","format-standard","has-post-thumbnail","hentry","category-economia"],"_links":{"self":[{"href":"https:\/\/diarioregionaldigital.com.br\/index.php?rest_route=\/wp\/v2\/posts\/95057","targetHints":{"allow":["GET"]}}],"collection":[{"href":"https:\/\/diarioregionaldigital.com.br\/index.php?rest_route=\/wp\/v2\/posts"}],"about":[{"href":"https:\/\/diarioregionaldigital.com.br\/index.php?rest_route=\/wp\/v2\/types\/post"}],"author":[{"embeddable":true,"href":"https:\/\/diarioregionaldigital.com.br\/index.php?rest_route=\/wp\/v2\/users\/96"}],"replies":[{"embeddable":true,"href":"https:\/\/diarioregionaldigital.com.br\/index.php?rest_route=%2Fwp%2Fv2%2Fcomments&post=95057"}],"version-history":[{"count":0,"href":"https:\/\/diarioregionaldigital.com.br\/index.php?rest_route=\/wp\/v2\/posts\/95057\/revisions"}],"wp:featuredmedia":[{"embeddable":true,"href":"https:\/\/diarioregionaldigital.com.br\/index.php?rest_route=\/wp\/v2\/media\/95056"}],"wp:attachment":[{"href":"https:\/\/diarioregionaldigital.com.br\/index.php?rest_route=%2Fwp%2Fv2%2Fmedia&parent=95057"}],"wp:term":[{"taxonomy":"category","embeddable":true,"href":"https:\/\/diarioregionaldigital.com.br\/index.php?rest_route=%2Fwp%2Fv2%2Fcategories&post=95057"},{"taxonomy":"post_tag","embeddable":true,"href":"https:\/\/diarioregionaldigital.com.br\/index.php?rest_route=%2Fwp%2Fv2%2Ftags&post=95057"}],"curies":[{"name":"wp","href":"https:\/\/api.w.org\/{rel}","templated":true}]}}