{"id":95055,"date":"2018-04-03T17:40:47","date_gmt":"2018-04-03T20:40:47","guid":{"rendered":"http:\/\/diarioregionaljf.com.br\/2018\/04\/03\/ief-assina-acordo-com-mpmg-para-regularizar-visitacao-publica-ao-parque-estadual-do-ibitipoca\/"},"modified":"2018-04-03T17:40:47","modified_gmt":"2018-04-03T20:40:47","slug":"ief-assina-acordo-com-mpmg-para-regularizar-visitacao-publica-ao-parque-estadual-do-ibitipoca","status":"publish","type":"post","link":"https:\/\/diarioregionaldigital.com.br\/?p=95055","title":{"rendered":"IEF assina acordo com MPMG para regularizar visita\u00e7\u00e3o p\u00fablica ao Parque Estadual do Ibitipoca"},"content":{"rendered":"<p>Foi firmado nessa segunda-feira, 2, com o Minist\u00e9rio P\u00fablico de Minas Gerais (MPMG), um Termo de Acordo (TA) por meio do qual o Instituto Estadual de Florestas (IEF) se compromete a regularizar a atividade de visita\u00e7\u00e3o p\u00fablica ao Parque Estadual do Ibitipoca, localizado nos munic\u00edpios de Lima Duarte e Concei\u00e7\u00e3o do Ibitipoca, na Zona da Mata. O local, que at\u00e9 ent\u00e3o recebia mais de mil visitantes por m\u00eas, passar\u00e1 a receber cerca de 600. Essa medida, entre outras, visa \u00e0 preserva\u00e7\u00e3o da unidade de conserva\u00e7\u00e3o de 1.488 hectares, situada na divisa das bacias do Rio Grande e do Rio Para\u00edba do Sul.<\/p>\n<p>As promotoras de Justi\u00e7a Andressa de Oliveira Lanchotti, coordenadora do Centro Operacional de Defesa do Meio Ambiente (Caoma), Shermila Perez Dhingra, coordenadora regional das Promotorias de Justi\u00e7a de Defesa do Meio Ambiente da Bacia do Rio Para\u00edba do Sul, e Nat\u00e1lia Salom\u00e3o de Pinho, promotora de Justi\u00e7a de Lima Duarte, assinaram o TA juntamente com representantes do IEF.<\/p>\n<p>A promotora de Justi\u00e7a Nat\u00e1lia Salom\u00e3o explica que um Inqu\u00e9rito Civil, instaurado na Promotoria de Justi\u00e7a de Lima Duarte, j\u00e1 investigava as irregularidades no local. O MPMG tomou conhecimento dos problemas, sobretudo de degrada\u00e7\u00e3o ambiental, por meio de den\u00fancia feita por um membro do Conselho Consultivo do Parque Estadual do Ibitipoca.<\/p>\n<p>Pelo acordo firmado essa segunda, o gestor do parque ter\u00e1 que promover melhorias no local a fim de preservar os ecossistemas e a sa\u00fade e seguran\u00e7a dos seus visitantes. O MPMG entende que a visita\u00e7\u00e3o desordenada ao parque, como vinha ocorrendo, pode causar danos ao meio ambiente de dif\u00edcil ou imposs\u00edvel repara\u00e7\u00e3o.<\/p>\n<p>Ainda entre os compromissos assumidos, o IEF dever\u00e1 realizar, no prazo de 180 dias, o diagn\u00f3stico completo dos danos ambientais existentes, inclusive das trilhas e locais de visita\u00e7\u00e3o abertos indevidamente em contrariedade ao plano de manejo, bem como apontar todas as medidas necess\u00e1rias para a sua completa recupera\u00e7\u00e3o e para garantir a seguran\u00e7a dos visitantes.<\/p>\n<p>Outra medida acordada \u00e9 a implanta\u00e7\u00e3o de sistema eletr\u00f4nico de venda de ingressos na portaria do Parque Estadual do Ibitipoca, com a respectiva cancela eletr\u00f4nica integrada ao sistema, com o objetivo de melhor controlar o n\u00famero de visitantes di\u00e1rios. O IEF dever\u00e1 ainda, implantar o sistema de venda de ingressos on line, em endere\u00e7o eletr\u00f4nico adequado, no prazo de 360 dias.<\/p>\n<p>De acordo com o MPMG, o n\u00famero de visitas por dia ser\u00e1 reavaliado e poder\u00e1 ser majorado \u00e0 medida que os compromissos assumidos forem sendo cumpridos.<\/p>\n<p>Fonte: Assessoria<\/p>\n","protected":false},"excerpt":{"rendered":"<p>Foi firmado nessa segunda-feira, 2, com o Minist\u00e9rio P\u00fablico de Minas Gerais (MPMG), um Termo de Acordo (TA) por meio do qual o Instituto Estadual de Florestas (IEF) se compromete a regularizar a atividade de visita\u00e7\u00e3o p\u00fablica ao Parque Estadual do Ibitipoca, localizado nos munic\u00edpios de Lima Duarte e Concei\u00e7\u00e3o do Ibitipoca, na Zona da [&hellip;]<\/p>\n","protected":false},"author":96,"featured_media":95054,"comment_status":"closed","ping_status":"closed","sticky":false,"template":"","format":"standard","meta":{"footnotes":""},"categories":[252],"tags":[],"class_list":["post-95055","post","type-post","status-publish","format-standard","has-post-thumbnail","hentry","category-regiao"],"_links":{"self":[{"href":"https:\/\/diarioregionaldigital.com.br\/index.php?rest_route=\/wp\/v2\/posts\/95055","targetHints":{"allow":["GET"]}}],"collection":[{"href":"https:\/\/diarioregionaldigital.com.br\/index.php?rest_route=\/wp\/v2\/posts"}],"about":[{"href":"https:\/\/diarioregionaldigital.com.br\/index.php?rest_route=\/wp\/v2\/types\/post"}],"author":[{"embeddable":true,"href":"https:\/\/diarioregionaldigital.com.br\/index.php?rest_route=\/wp\/v2\/users\/96"}],"replies":[{"embeddable":true,"href":"https:\/\/diarioregionaldigital.com.br\/index.php?rest_route=%2Fwp%2Fv2%2Fcomments&post=95055"}],"version-history":[{"count":0,"href":"https:\/\/diarioregionaldigital.com.br\/index.php?rest_route=\/wp\/v2\/posts\/95055\/revisions"}],"wp:featuredmedia":[{"embeddable":true,"href":"https:\/\/diarioregionaldigital.com.br\/index.php?rest_route=\/wp\/v2\/media\/95054"}],"wp:attachment":[{"href":"https:\/\/diarioregionaldigital.com.br\/index.php?rest_route=%2Fwp%2Fv2%2Fmedia&parent=95055"}],"wp:term":[{"taxonomy":"category","embeddable":true,"href":"https:\/\/diarioregionaldigital.com.br\/index.php?rest_route=%2Fwp%2Fv2%2Fcategories&post=95055"},{"taxonomy":"post_tag","embeddable":true,"href":"https:\/\/diarioregionaldigital.com.br\/index.php?rest_route=%2Fwp%2Fv2%2Ftags&post=95055"}],"curies":[{"name":"wp","href":"https:\/\/api.w.org\/{rel}","templated":true}]}}