{"id":95051,"date":"2018-04-03T17:36:50","date_gmt":"2018-04-03T20:36:50","guid":{"rendered":"http:\/\/diarioregionaljf.com.br\/2018\/04\/03\/pc-prende-homem-suspeito-de-abusar-do-proprio-filho-de-quatro-anos\/"},"modified":"2018-04-03T17:36:50","modified_gmt":"2018-04-03T20:36:50","slug":"pc-prende-homem-suspeito-de-abusar-do-proprio-filho-de-quatro-anos","status":"publish","type":"post","link":"https:\/\/diarioregionaldigital.com.br\/?p=95051","title":{"rendered":"PC prende homem suspeito de abusar do pr\u00f3prio filho de quatro anos"},"content":{"rendered":"<p>A Pol\u00edcia Civil (PC) prendeu na manh\u00e3 dessa ter\u00e7a-feira, 3, um homem de 65 anos, suspeito de ter abusado do pr\u00f3prio filho, um menino de quatro anos. O indiv\u00edduo foi localizado em sua resid\u00eancia no bairro Barreira do Triunfo, na zona Norte da cidade.<\/p>\n<p>De acordo com delegado Rafael Gomes, respons\u00e1vel pela 3\u00aa Delegacia, as investiga\u00e7\u00f5es duraram um m\u00eas. \u201cNo dia cinco de mar\u00e7o fomos buscados pela ent\u00e3o esposa do suspeito relatando que em data pret\u00e9rita, o seu filho de 11 anos havia lhe procurado relatando que o filho menor, de quatro anos estaria sofrendo abuso sexual por parte do pai. Desde ent\u00e3o instauramos o inqu\u00e9rito policial, fizemos a oitiva da m\u00e3e, dos irm\u00e3os e fizemos a oitiva da crian\u00e7a de quatro anos. Tudo com muita cautela, muito zelo, por se tratar de uma situa\u00e7\u00e3o muito delicada envolvendo fam\u00edlia\u201d, esclareceu.<\/p>\n<p>A crian\u00e7a foi encaminhada para o Hospital de Pronto Socorro (HPS) onde relatou para m\u00e9dicos e enfermeiras que seu pai estaria manipulando seu \u00f3rg\u00e3o genital e apalpando suas partes \u00edntimas. O laudo m\u00e9dico obtido ap\u00f3s os exames realizados no HPS foi anexado ao inqu\u00e9rito policial.<\/p>\n<p>Na resid\u00eancia onde o suspeito foi preso, moravam ele a esposa e tr\u00eas filhos. Sendo que apenas a crian\u00e7a de quatro anos era filho de sangue do acusado.<\/p>\n<p>Segundo Gomes \u201cdurante os depoimentos recolhidos todos foram categ\u00f3ricos em afirmar e confirmar os abusos, al\u00e9m de dizerem que o pai era muito apegado a crian\u00e7a. Outro ponto relatado \u00e9 que somente o pai dormia com o filho de quatro anos e ningu\u00e9m mais poderia dormir. Tamb\u00e9m indicaram alguns comportamentos que levaram a suspeita da crian\u00e7a estar sofrendo o abuso\u201d.<\/p>\n<p>A crian\u00e7a ainda n\u00e3o havia sido ouvida na delegacia. Uma equipe de psic\u00f3logos conversou com ela, que mais uma vez, confirmou os abusos sofridos. Tamb\u00e9m foi anexada aos autos da investiga\u00e7\u00e3o, uma grava\u00e7\u00e3o realizada pela pr\u00f3pria m\u00e3e da crian\u00e7a, onde ela confirma os abusos sofridos por parte do pai.<\/p>\n<p>O delegado explica que o crime \u00e9 de dif\u00edcil elucida\u00e7\u00e3o e que \u00e9 necess\u00e1rio atuar com cautela e zelo. \u201c\u00c9 uma situa\u00e7\u00e3o muito delicada por envolver uma crian\u00e7a de apenas quatro anos. Entretanto, o comportamento do suspeito, aliado aos depoimentos das testemunhas, \u00e0s provas que n\u00f3s temos nos autos, bem como a transcri\u00e7\u00e3o da grava\u00e7\u00e3o realizada pela pr\u00f3pria m\u00e3e, s\u00e3o contundentes em apontar que realmente essa crian\u00e7a vinha sofrendo abusos por parte do genitor\u201d, refor\u00e7ou.<\/p>\n<p>Segundo relato da m\u00e3e e dos irm\u00e3os, n\u00e3o se pode precisar durante quanto tempo a crian\u00e7a poderia estar sofrendo abuso, uma vez que a mesma fez a queixa apenas no in\u00edcio de mar\u00e7o e disse que a situa\u00e7\u00e3o j\u00e1 teria ocorrido outras vezes.<\/p>\n<p>A Pol\u00edcia Civil realizou levantamentos da vida pregressa do suspeito, e apurou que no ano de 2010, foi registrado, pela ent\u00e3o esposa, um boletim de abuso praticado pelo mesmo indiv\u00edduo. Na \u00e9poca, a mulher relatou que presenciou o marido apalpando as partes \u00edntimas do filho de quatro anos. A v\u00edtima no caso era enteado do homem, e hoje, com 11 anos, relatou os abusos do suspeito contra seu irm\u00e3o, v\u00edtima do caso atual.<\/p>\n<p>Naquela ocasi\u00e3o, a m\u00e3e deixou a resid\u00eancia do casal. Entretanto, o suspeito negou as acusa\u00e7\u00f5es, a mulher voltou para casa, n\u00e3o deu prosseguimento com a queixa e n\u00e3o procurou a pol\u00edcia. No caso atual, ap\u00f3s descobrir os fatos, a mulher brigou e discutiu com o ex-marido. Ela deixou a resid\u00eancia do casal, com os tr\u00eas filhos e se refugiou na casa de parentes.<\/p>\n<p>O delegado esclareceu que durante a apura\u00e7\u00e3o dos fatos nenhum ind\u00edcio levou a crer que a mulher poderia estar fazendo a acusa\u00e7\u00e3o a fim de prejudicar o ex-marido, como algum tipo de vingan\u00e7a ou revanche. \u201cCaso a gente apurasse que mulher e o marido tivessem brigado por diversos motivos, que tinham desentendimentos e ent\u00e3o ela tivesse deixado a resid\u00eancia, poder\u00edamos suspeitar de uma den\u00fancia a fim de prejudicar o pai das crian\u00e7as. Entretanto, n\u00e3o foi este o caso. A briga entre o casal se deu \u00fanica e exclusivamente pelo fato da m\u00e3e ter descoberto os abusos contra o filho. O pr\u00f3prio suspeito, em depoimento, alega que a rela\u00e7\u00e3o com a ex-espora era boa e que n\u00e3o tinha qualquer problema\u201d.<\/p>\n<p>Com base de todo acervo probat\u00f3rio, a PC solicitou a pris\u00e3o tempor\u00e1ria do indiv\u00edduo. Por se tratar de um crime hediondo, essa pris\u00e3o \u00e9 elevada por trinta dias, podendo ser ampliada por mais trinta dias.<\/p>\n<h4>&nbsp;<\/h4>\n<h4>NOVAS INVESTIGA\u00c7\u00d5ES<\/h4>\n<p>Na pr\u00f3xima etapa das investiga\u00e7\u00f5es, ser\u00e1 realizado um novo levantamento da vida pregressa do suspeito no bairro Barreira do Triunfo, uma vez que ele trabalhou durante 19 anos prestando servi\u00e7os gerais num campo de futebol na regi\u00e3o. No local frequentavam crian\u00e7as de cinco anos at\u00e9 adolescentes de 17 anos. O objetivo ser\u00e1 averiguar se existe mais algum caso de abusos envolvendo o suspeito.<\/p>\n<p>Gomes frisou que a natureza do crime \u00e9 de dif\u00edcil elucida\u00e7\u00e3o quando n\u00e3o deixam vest\u00edgios. Segundo ele, \u201cnestes casos, como o pr\u00f3prio c\u00f3digo de processo penal explica, uma prova testemunhal pode suprir a prova pericial\u201d.<\/p>\n<p>Em depoimento e durante a coletiva onde foi apresentado, o homem, que atualmente \u00e9 aposentado, negou todas as acusa\u00e7\u00f5es. Ele afirma que apenas tocou a crian\u00e7a quando ela ia ao banheiro para higieniza\u00e7\u00e3o e para tomar banho. Alegou ainda que o filho s\u00f3 podia dormir com ele, por conta do carinho que dava para a crian\u00e7a e pela m\u00e3e nunca estar em casa. Ele acusou a esposa de \u201cdormir o dia inteiro e de a noite sair para consumir drogas\u201d.<\/p>\n<p>De acordo com Gomes, a m\u00e3e de fato tem um hist\u00f3rico de uso de drogas, entretanto, trata-se de um fato pret\u00e9rito.<br \/>Durante a a\u00e7\u00e3o para prender o suspeito, nenhum material suspeito foi encontrado dentro da resid\u00eancia.<\/p>\n","protected":false},"excerpt":{"rendered":"<p>A Pol\u00edcia Civil (PC) prendeu na manh\u00e3 dessa ter\u00e7a-feira, 3, um homem de 65 anos, suspeito de ter abusado do pr\u00f3prio filho, um menino de quatro anos. O indiv\u00edduo foi localizado em sua resid\u00eancia no bairro Barreira do Triunfo, na zona Norte da cidade. De acordo com delegado Rafael Gomes, respons\u00e1vel pela 3\u00aa Delegacia, as [&hellip;]<\/p>\n","protected":false},"author":96,"featured_media":95050,"comment_status":"closed","ping_status":"closed","sticky":false,"template":"","format":"standard","meta":{"footnotes":""},"categories":[253],"tags":[],"class_list":["post-95051","post","type-post","status-publish","format-standard","has-post-thumbnail","hentry","category-cidade"],"_links":{"self":[{"href":"https:\/\/diarioregionaldigital.com.br\/index.php?rest_route=\/wp\/v2\/posts\/95051","targetHints":{"allow":["GET"]}}],"collection":[{"href":"https:\/\/diarioregionaldigital.com.br\/index.php?rest_route=\/wp\/v2\/posts"}],"about":[{"href":"https:\/\/diarioregionaldigital.com.br\/index.php?rest_route=\/wp\/v2\/types\/post"}],"author":[{"embeddable":true,"href":"https:\/\/diarioregionaldigital.com.br\/index.php?rest_route=\/wp\/v2\/users\/96"}],"replies":[{"embeddable":true,"href":"https:\/\/diarioregionaldigital.com.br\/index.php?rest_route=%2Fwp%2Fv2%2Fcomments&post=95051"}],"version-history":[{"count":0,"href":"https:\/\/diarioregionaldigital.com.br\/index.php?rest_route=\/wp\/v2\/posts\/95051\/revisions"}],"wp:featuredmedia":[{"embeddable":true,"href":"https:\/\/diarioregionaldigital.com.br\/index.php?rest_route=\/wp\/v2\/media\/95050"}],"wp:attachment":[{"href":"https:\/\/diarioregionaldigital.com.br\/index.php?rest_route=%2Fwp%2Fv2%2Fmedia&parent=95051"}],"wp:term":[{"taxonomy":"category","embeddable":true,"href":"https:\/\/diarioregionaldigital.com.br\/index.php?rest_route=%2Fwp%2Fv2%2Fcategories&post=95051"},{"taxonomy":"post_tag","embeddable":true,"href":"https:\/\/diarioregionaldigital.com.br\/index.php?rest_route=%2Fwp%2Fv2%2Ftags&post=95051"}],"curies":[{"name":"wp","href":"https:\/\/api.w.org\/{rel}","templated":true}]}}