{"id":95049,"date":"2018-04-03T17:36:37","date_gmt":"2018-04-03T20:36:37","guid":{"rendered":"http:\/\/diarioregionaljf.com.br\/2018\/04\/03\/vendas-nos-supermercados-tem-alta-de-1-57-no-primeiro-bimestre\/"},"modified":"2018-04-03T17:36:37","modified_gmt":"2018-04-03T20:36:37","slug":"vendas-nos-supermercados-tem-alta-de-1-57-no-primeiro-bimestre","status":"publish","type":"post","link":"https:\/\/diarioregionaldigital.com.br\/?p=95049","title":{"rendered":"Vendas nos supermercados t\u00eam alta de 1,57% no primeiro bimestre"},"content":{"rendered":"<p>O faturamento do setor de supermercados teve alta de 1,57% em janeiro e fevereiro em compara\u00e7\u00e3o com o primeiro bimestre de 2017, segundo balan\u00e7o divulgado pela Associa\u00e7\u00e3o Brasileira de Supermercados (Abras). Em fevereiro, o setor registrou alta de 0,22% em rela\u00e7\u00e3o ao mesmo m\u00eas do ano passado.<\/p>\n<p>De acordo com o presidente da Abras, Jo\u00e3o Sanzovo Neto, o ritmo de crescimento ficou abaixo do esperado devido \u00e0 defla\u00e7\u00e3o registrada nos pre\u00e7os dos alimentos. \u201cContinuamos com a perspectiva de uma retomada nos pre\u00e7os de alguns alimentos de forma gradativa durante 2018\u201d, ressaltou.&nbsp;O \u00edndice de pre\u00e7os da pr\u00f3pria Abras, relativo \u00e0 cesta dos produtos mais consumidos, registrou queda de 1,82% em fevereiro em rela\u00e7\u00e3o a janeiro. Os 35 itens pesquisados passaram de R$451,10 para R$442,88.<\/p>\n<p>Para este ano, a entidade prev\u00ea crescimento de 3% do setor. Ao longo de 2017, os supermercados tiveram uma expans\u00e3o de 1,25% nas vendas.<\/p>\n<hr \/>\n<p>&nbsp;Fonte: Ag\u00eancia Brasil<\/p>\n","protected":false},"excerpt":{"rendered":"<p>O faturamento do setor de supermercados teve alta de 1,57% em janeiro e fevereiro em compara\u00e7\u00e3o com o primeiro bimestre de 2017, segundo balan\u00e7o divulgado pela Associa\u00e7\u00e3o Brasileira de Supermercados (Abras). Em fevereiro, o setor registrou alta de 0,22% em rela\u00e7\u00e3o ao mesmo m\u00eas do ano passado. De acordo com o presidente da Abras, Jo\u00e3o [&hellip;]<\/p>\n","protected":false},"author":96,"featured_media":95048,"comment_status":"closed","ping_status":"closed","sticky":false,"template":"","format":"standard","meta":{"footnotes":""},"categories":[261],"tags":[],"class_list":["post-95049","post","type-post","status-publish","format-standard","has-post-thumbnail","hentry","category-economia"],"_links":{"self":[{"href":"https:\/\/diarioregionaldigital.com.br\/index.php?rest_route=\/wp\/v2\/posts\/95049","targetHints":{"allow":["GET"]}}],"collection":[{"href":"https:\/\/diarioregionaldigital.com.br\/index.php?rest_route=\/wp\/v2\/posts"}],"about":[{"href":"https:\/\/diarioregionaldigital.com.br\/index.php?rest_route=\/wp\/v2\/types\/post"}],"author":[{"embeddable":true,"href":"https:\/\/diarioregionaldigital.com.br\/index.php?rest_route=\/wp\/v2\/users\/96"}],"replies":[{"embeddable":true,"href":"https:\/\/diarioregionaldigital.com.br\/index.php?rest_route=%2Fwp%2Fv2%2Fcomments&post=95049"}],"version-history":[{"count":0,"href":"https:\/\/diarioregionaldigital.com.br\/index.php?rest_route=\/wp\/v2\/posts\/95049\/revisions"}],"wp:featuredmedia":[{"embeddable":true,"href":"https:\/\/diarioregionaldigital.com.br\/index.php?rest_route=\/wp\/v2\/media\/95048"}],"wp:attachment":[{"href":"https:\/\/diarioregionaldigital.com.br\/index.php?rest_route=%2Fwp%2Fv2%2Fmedia&parent=95049"}],"wp:term":[{"taxonomy":"category","embeddable":true,"href":"https:\/\/diarioregionaldigital.com.br\/index.php?rest_route=%2Fwp%2Fv2%2Fcategories&post=95049"},{"taxonomy":"post_tag","embeddable":true,"href":"https:\/\/diarioregionaldigital.com.br\/index.php?rest_route=%2Fwp%2Fv2%2Ftags&post=95049"}],"curies":[{"name":"wp","href":"https:\/\/api.w.org\/{rel}","templated":true}]}}