{"id":95047,"date":"2018-04-03T12:48:52","date_gmt":"2018-04-03T15:48:52","guid":{"rendered":"http:\/\/diarioregionaljf.com.br\/2018\/04\/03\/primeira-brasileira-campea-mundial-de-boxe-defende-cinturao-em-santos\/"},"modified":"2018-04-03T12:48:52","modified_gmt":"2018-04-03T15:48:52","slug":"primeira-brasileira-campea-mundial-de-boxe-defende-cinturao-em-santos","status":"publish","type":"post","link":"https:\/\/diarioregionaldigital.com.br\/?p=95047","title":{"rendered":"Primeira brasileira campe\u00e3 mundial de boxe defende cintur\u00e3o em Santos"},"content":{"rendered":"<p>Ap\u00f3s entrar para a hist\u00f3ria ao ser a primeira brasileira a conquistar um t\u00edtulo mundial de boxe, Rose Volante precisar\u00e1 defender seu cintur\u00e3o diante de Lourdes \u201cLa Felina\u201d Borbua, atleta panamenha e campe\u00e3 latina pelo Conselho Mundial de Boxe (CMB). O grande embate acontecer\u00e1 no dia 21 de abril na Arena Santos, \u00e0s 19h30. A \u00faltima luta no Brasil que valeu t\u00edtulo mundial aconteceu h\u00e1 mais de 50 anos, com Eder Jofre.<\/p>\n<p>\u201cQuero defender esse t\u00edtulo que conquistei e mant\u00ea-lo comigo. Venho treinando firme e forte para dar o meu melhor, e desta vez, no meu pa\u00eds\u201d, disse a atleta da Equipe Memorial em refer\u00eancia a vit\u00f3ria frente \u00e0 argentina Brenda Karen Carabajal, que lhe rendeu o cintur\u00e3o da OMB em dezembro do \u00faltimo ano.<\/p>\n<p>Rose adentrou ao mundo do boxe para emagrecer, e, ap\u00f3s dois anos treinando, teve sua primeira oportunidade competitiva em um torneio amador, h\u00e1 oito anos atr\u00e1s. Desde ent\u00e3o, s\u00e3o 11 lutas invictas, sendo seis por nocaute. A boxeadora faz parte do seleto time de brasileiros campe\u00f5es mundiais, juntamente com Acelino Pop\u00f3 Freitas, Valdemir Sert\u00e3o Pereira, Eder Jofre e Miguel de Oliveira.<\/p>\n<p>Contando com a presen\u00e7a da torcida santista, a campe\u00e3 mundial destacou a import\u00e2ncia de uma disputa do esporte no Brasil. \u201cConto com o apoio e presen\u00e7a de todos para lotar a Arena Santos. Dessa vez, quero ouvir gritarem meu nome em casa\u201d.<\/p>\n<p>Al\u00e9m da defesa de cintur\u00e3o de Rose, o evento contar\u00e1 com a disputa de dois t\u00edtulos nacionais de boxe masculino e lutas entre grandes revela\u00e7\u00f5es brasileiras da modalidade.<\/p>\n<p><strong>CARD<br \/> <\/strong>Categoria Super Meio M\u00e9dio \u2013 Fernando Machado x Francisco Neves<br \/> Categoria Super M\u00e9dio \u2013 Lucas Abreu x Valdevan Pereira<br \/> Categoria Super Galo \u2013 Danila Ramos x Caroline Antunes<br \/> Categoria Super Galo \u2013 Carlos Henrique x Charles Quintana \u2013 T\u00edtulo Brasileiro<br \/> Categoria Super Meio M\u00e9dio \u2013 Douglas Ataide x Gabriel Bonfim \u2013 T\u00edtulo Brasileiro<\/p>\n<p>Fonte: Gazetaesportiva<\/p>\n","protected":false},"excerpt":{"rendered":"<p>Ap\u00f3s entrar para a hist\u00f3ria ao ser a primeira brasileira a conquistar um t\u00edtulo mundial de boxe, Rose Volante precisar\u00e1 defender seu cintur\u00e3o diante de Lourdes \u201cLa Felina\u201d Borbua, atleta panamenha e campe\u00e3 latina pelo Conselho Mundial de Boxe (CMB). O grande embate acontecer\u00e1 no dia 21 de abril na Arena Santos, \u00e0s 19h30. A [&hellip;]<\/p>\n","protected":false},"author":96,"featured_media":95046,"comment_status":"closed","ping_status":"closed","sticky":false,"template":"","format":"standard","meta":{"footnotes":""},"categories":[257],"tags":[],"class_list":["post-95047","post","type-post","status-publish","format-standard","has-post-thumbnail","hentry","category-esporte"],"_links":{"self":[{"href":"https:\/\/diarioregionaldigital.com.br\/index.php?rest_route=\/wp\/v2\/posts\/95047","targetHints":{"allow":["GET"]}}],"collection":[{"href":"https:\/\/diarioregionaldigital.com.br\/index.php?rest_route=\/wp\/v2\/posts"}],"about":[{"href":"https:\/\/diarioregionaldigital.com.br\/index.php?rest_route=\/wp\/v2\/types\/post"}],"author":[{"embeddable":true,"href":"https:\/\/diarioregionaldigital.com.br\/index.php?rest_route=\/wp\/v2\/users\/96"}],"replies":[{"embeddable":true,"href":"https:\/\/diarioregionaldigital.com.br\/index.php?rest_route=%2Fwp%2Fv2%2Fcomments&post=95047"}],"version-history":[{"count":0,"href":"https:\/\/diarioregionaldigital.com.br\/index.php?rest_route=\/wp\/v2\/posts\/95047\/revisions"}],"wp:featuredmedia":[{"embeddable":true,"href":"https:\/\/diarioregionaldigital.com.br\/index.php?rest_route=\/wp\/v2\/media\/95046"}],"wp:attachment":[{"href":"https:\/\/diarioregionaldigital.com.br\/index.php?rest_route=%2Fwp%2Fv2%2Fmedia&parent=95047"}],"wp:term":[{"taxonomy":"category","embeddable":true,"href":"https:\/\/diarioregionaldigital.com.br\/index.php?rest_route=%2Fwp%2Fv2%2Fcategories&post=95047"},{"taxonomy":"post_tag","embeddable":true,"href":"https:\/\/diarioregionaldigital.com.br\/index.php?rest_route=%2Fwp%2Fv2%2Ftags&post=95047"}],"curies":[{"name":"wp","href":"https:\/\/api.w.org\/{rel}","templated":true}]}}