{"id":95041,"date":"2018-04-03T12:09:45","date_gmt":"2018-04-03T15:09:45","guid":{"rendered":"http:\/\/diarioregionaljf.com.br\/2018\/04\/03\/ministerio-da-saude-modifica-periodo-da-campanha-de-vacinacao-contra-a-gripe\/"},"modified":"2018-04-03T12:09:45","modified_gmt":"2018-04-03T15:09:45","slug":"ministerio-da-saude-modifica-periodo-da-campanha-de-vacinacao-contra-a-gripe","status":"publish","type":"post","link":"https:\/\/diarioregionaldigital.com.br\/?p=95041","title":{"rendered":"Minist\u00e9rio da Sa\u00fade modifica per\u00edodo da campanha de vacina\u00e7\u00e3o contra a gripe"},"content":{"rendered":"<p>A Secretaria de Estado de Sa\u00fade de Minas Gerais (SES-MG) informa que o Minist\u00e9rio da Sa\u00fade mudou o per\u00edodo da Campanha Nacional de Vacina\u00e7\u00e3o Contra Influenza. O in\u00edcio da campanha ser\u00e1 alterado de 16 de abril para 23 de abril e o fim da campanha de 25 de maio para 1\u00ba de junho. J\u00e1 o dia 12 de maio ser\u00e1 o Dia D, a data da mobiliza\u00e7\u00e3o nacional.<\/p>\n<p>Essa mudan\u00e7a ocorreu em virtude do atraso da entrega do imunobiol\u00f3gico pelo Instituto Butantan, produtor da vacina. Conforme o Instituto, em raz\u00e3o da altera\u00e7\u00e3o de duas cepas de v\u00edrus a serem utilizadas na campanha de 2018 para produ\u00e7\u00e3o da vacina trivalente no hemisf\u00e9rio sul, foi necess\u00e1rio importar novas cepas para poder produzir a vacina e tal processo acabou por atrasar a produ\u00e7\u00e3o da vacina impedindo que a entidade conseguisse produzir o quantitativo suficiente para iniciar a campanha em 16 de abril.<\/p>\n<p>De acordo com o Minist\u00e9rio da Sa\u00fade, apesar dessa altera\u00e7\u00e3o, a Campanha ser\u00e1 realizada no per\u00edodo ideal (abril e maio), antes do pico de transmiss\u00e3o do v\u00edrus influenza no Brasil, que ocorre no m\u00eas de julho.<\/p>\n<p>Nesta campanha, al\u00e9m de indiv\u00edduos com 60 anos ou mais de idade, ser\u00e3o vacinadas as crian\u00e7as na faixa et\u00e1ria de seis meses a menores de cinco anos de idade (quatro anos, 11 meses e 29 dias), as gestantes, as pu\u00e9rperas (at\u00e9 45 dias ap\u00f3s o parto), os trabalhadores da sa\u00fade, os professores das escolas p\u00fablicas e privadas, os povos ind\u00edgenas, os grupos portadores de doen\u00e7as cr\u00f4nicas n\u00e3o transmiss\u00edveis e outras condi\u00e7\u00f5es cl\u00ednicas especiais, os adolescentes e jovens de 12 a 21 anos de idade sob medidas socioeducativas, a popula\u00e7\u00e3o privada de liberdade e os funcion\u00e1rios do sistema prisional.<\/p>\n<p>No Brasil, o p\u00fablico alvo representar\u00e1 aproximadamente 60 milh\u00f5es de pessoas e a meta (nacional) \u00e9 vacinar, pelo menos, 90% dos grupos eleg\u00edveis para a vacina\u00e7\u00e3o. Em Minas Gerais espera-se vacinar 5.034.284 indiv\u00edduos. O Influenza \u00e9 um v\u00edrus de circula\u00e7\u00e3o sazonal e, em 2018, a vacina disponibilizada pelo Sistema \u00danico de Sa\u00fade (SUS) \u00e9 trivalente, protegendo contra tr\u00eas tipos de Influenza, sendo eles o H3N2, o H1N1 e o B.<\/p>\n<p>&nbsp;<\/p>\n<p>Fonte: Assessoria SES-MG<\/p>\n","protected":false},"excerpt":{"rendered":"<p>A Secretaria de Estado de Sa\u00fade de Minas Gerais (SES-MG) informa que o Minist\u00e9rio da Sa\u00fade mudou o per\u00edodo da Campanha Nacional de Vacina\u00e7\u00e3o Contra Influenza. O in\u00edcio da campanha ser\u00e1 alterado de 16 de abril para 23 de abril e o fim da campanha de 25 de maio para 1\u00ba de junho. J\u00e1 o [&hellip;]<\/p>\n","protected":false},"author":96,"featured_media":95040,"comment_status":"closed","ping_status":"closed","sticky":false,"template":"","format":"standard","meta":{"footnotes":""},"categories":[252],"tags":[],"class_list":["post-95041","post","type-post","status-publish","format-standard","has-post-thumbnail","hentry","category-regiao"],"_links":{"self":[{"href":"https:\/\/diarioregionaldigital.com.br\/index.php?rest_route=\/wp\/v2\/posts\/95041","targetHints":{"allow":["GET"]}}],"collection":[{"href":"https:\/\/diarioregionaldigital.com.br\/index.php?rest_route=\/wp\/v2\/posts"}],"about":[{"href":"https:\/\/diarioregionaldigital.com.br\/index.php?rest_route=\/wp\/v2\/types\/post"}],"author":[{"embeddable":true,"href":"https:\/\/diarioregionaldigital.com.br\/index.php?rest_route=\/wp\/v2\/users\/96"}],"replies":[{"embeddable":true,"href":"https:\/\/diarioregionaldigital.com.br\/index.php?rest_route=%2Fwp%2Fv2%2Fcomments&post=95041"}],"version-history":[{"count":0,"href":"https:\/\/diarioregionaldigital.com.br\/index.php?rest_route=\/wp\/v2\/posts\/95041\/revisions"}],"wp:featuredmedia":[{"embeddable":true,"href":"https:\/\/diarioregionaldigital.com.br\/index.php?rest_route=\/wp\/v2\/media\/95040"}],"wp:attachment":[{"href":"https:\/\/diarioregionaldigital.com.br\/index.php?rest_route=%2Fwp%2Fv2%2Fmedia&parent=95041"}],"wp:term":[{"taxonomy":"category","embeddable":true,"href":"https:\/\/diarioregionaldigital.com.br\/index.php?rest_route=%2Fwp%2Fv2%2Fcategories&post=95041"},{"taxonomy":"post_tag","embeddable":true,"href":"https:\/\/diarioregionaldigital.com.br\/index.php?rest_route=%2Fwp%2Fv2%2Ftags&post=95041"}],"curies":[{"name":"wp","href":"https:\/\/api.w.org\/{rel}","templated":true}]}}