{"id":95039,"date":"2018-04-03T11:41:34","date_gmt":"2018-04-03T14:41:34","guid":{"rendered":"http:\/\/diarioregionaljf.com.br\/2018\/04\/03\/fhemig-abre-processos-seletivos-publicos-simplificados\/"},"modified":"2018-04-03T11:41:34","modified_gmt":"2018-04-03T14:41:34","slug":"fhemig-abre-processos-seletivos-publicos-simplificados","status":"publish","type":"post","link":"https:\/\/diarioregionaldigital.com.br\/?p=95039","title":{"rendered":"Fhemig abre Processos Seletivos P\u00fablicos Simplificados"},"content":{"rendered":"<p>A Funda\u00e7\u00e3o Hospitalar do Estado de Minas Gerais (Fhemig) est\u00e1 com inscri\u00e7\u00f5es abertas para quatro processos seletivos p\u00fablicos simplificados, visando a contrata\u00e7\u00e3o de profissionais para atuar no Hospital Cristiano Machado, em Sabar\u00e1 (<a href=\"http:\/\/www.fhemig.mg.gov.br\/index.php\/docman\/Como_ingressar_na_FHEMIG-1\/Editais_para_contratacao\/editais-pss\/5762-regulamento-17-2018-hospital-cristiano-machado-hcm\/file\" target=\"_blank\" rel=\"noopener noreferrer\">Regulamento n\u00ba 17\/2018<\/a>); na Casa de Sa\u00fade Santa Izabel, em Betim (Regulamentos <a href=\"http:\/\/www.fhemig.mg.gov.br\/index.php\/docman\/Como_ingressar_na_FHEMIG-1\/Editais_para_contratacao\/editais-pss\/5764-regulamento-15-2018-casa-de-saude-santa-izabel-cssi\/file\" target=\"_blank\" rel=\"noopener noreferrer\">n\u00ba 15\/2018<\/a> e <a href=\"http:\/\/www.fhemig.mg.gov.br\/index.php\/docman\/Como_ingressar_na_FHEMIG-1\/Editais_para_contratacao\/editais-pss\/5808-regulamento-19-2018-casa-de-saude-santa-izabel-cssi\/file\" target=\"_blank\" rel=\"noopener noreferrer\">19\/2018<\/a>) e no Hospital Alberto Cavalcanti, em Belo Horizonte (<a href=\"http:\/\/www.fhemig.mg.gov.br\/index.php\/docman\/Como_ingressar_na_FHEMIG-1\/Editais_para_contratacao\/editais-pss\/5810-regulamento-20-2018-hospital-alberto-cavalcanti-hac\/file\" target=\"_blank\" rel=\"noopener noreferrer\">Regulamento n\u00ba 20\/2018<\/a>).<\/p>\n<p>As oportunidades s\u00e3o para t\u00e9cnico de farm\u00e1cia, t\u00e9cnico de inform\u00e1tica, terapeuta ocupacional, farmac\u00eautico bioqu\u00edmico, t\u00e9cnico de enfermagem, enfermeiro e auxiliar administrativo.<\/p>\n<p>Os interessados devem se inscrever at\u00e9 as 17h (hor\u00e1rio de Bras\u00edlia) do dia 6 de abril de 2018.<\/p>\n<p>&nbsp;<\/p>\n<h4>TR\u00caS CORA\u00c7\u00d5ES<\/h4>\n<p>A partir desta quarta-feira, 4, at\u00e9 o dia 10 de abril, estar\u00e3o abertas inscri\u00e7\u00f5es para o processo que visa contrata\u00e7\u00e3o de auxiliar administrativo e forma\u00e7\u00e3o de quadro de cadastro reserva para fisioterapeuta para atuarem na Casa de Sa\u00fade Santa F\u00e9, no munic\u00edpio de Tr\u00eas Cora\u00e7\u00f5es (<a href=\"http:\/\/www.fhemig.mg.gov.br\/index.php\/docman\/Como_ingressar_na_FHEMIG-1\/Editais_para_contratacao\/editais-pss\/5837-regulamento-21-2018-casa-de-saude-santa-fe-cssfe\/file\" target=\"_blank\" rel=\"noopener noreferrer\">Regulamento n\u00ba 21\/2018<\/a>).<\/p>\n<p>Mais informa\u00e7\u00f5es sobre os processos seletivos e inscri\u00e7\u00f5es podem ser obtidas no <a href=\"http:\/\/www.fhemig.mg.gov.br\/\" target=\"_blank\" rel=\"noopener noreferrer\">site da Funda\u00e7\u00e3o<\/a>.<\/p>\n","protected":false},"excerpt":{"rendered":"<p>A Funda\u00e7\u00e3o Hospitalar do Estado de Minas Gerais (Fhemig) est\u00e1 com inscri\u00e7\u00f5es abertas para quatro processos seletivos p\u00fablicos simplificados, visando a contrata\u00e7\u00e3o de profissionais para atuar no Hospital Cristiano Machado, em Sabar\u00e1 (Regulamento n\u00ba 17\/2018); na Casa de Sa\u00fade Santa Izabel, em Betim (Regulamentos n\u00ba 15\/2018 e 19\/2018) e no Hospital Alberto Cavalcanti, em Belo [&hellip;]<\/p>\n","protected":false},"author":96,"featured_media":95038,"comment_status":"closed","ping_status":"closed","sticky":false,"template":"","format":"standard","meta":{"footnotes":""},"categories":[280],"tags":[],"class_list":["post-95039","post","type-post","status-publish","format-standard","has-post-thumbnail","hentry","category-concurso"],"_links":{"self":[{"href":"https:\/\/diarioregionaldigital.com.br\/index.php?rest_route=\/wp\/v2\/posts\/95039","targetHints":{"allow":["GET"]}}],"collection":[{"href":"https:\/\/diarioregionaldigital.com.br\/index.php?rest_route=\/wp\/v2\/posts"}],"about":[{"href":"https:\/\/diarioregionaldigital.com.br\/index.php?rest_route=\/wp\/v2\/types\/post"}],"author":[{"embeddable":true,"href":"https:\/\/diarioregionaldigital.com.br\/index.php?rest_route=\/wp\/v2\/users\/96"}],"replies":[{"embeddable":true,"href":"https:\/\/diarioregionaldigital.com.br\/index.php?rest_route=%2Fwp%2Fv2%2Fcomments&post=95039"}],"version-history":[{"count":0,"href":"https:\/\/diarioregionaldigital.com.br\/index.php?rest_route=\/wp\/v2\/posts\/95039\/revisions"}],"wp:featuredmedia":[{"embeddable":true,"href":"https:\/\/diarioregionaldigital.com.br\/index.php?rest_route=\/wp\/v2\/media\/95038"}],"wp:attachment":[{"href":"https:\/\/diarioregionaldigital.com.br\/index.php?rest_route=%2Fwp%2Fv2%2Fmedia&parent=95039"}],"wp:term":[{"taxonomy":"category","embeddable":true,"href":"https:\/\/diarioregionaldigital.com.br\/index.php?rest_route=%2Fwp%2Fv2%2Fcategories&post=95039"},{"taxonomy":"post_tag","embeddable":true,"href":"https:\/\/diarioregionaldigital.com.br\/index.php?rest_route=%2Fwp%2Fv2%2Ftags&post=95039"}],"curies":[{"name":"wp","href":"https:\/\/api.w.org\/{rel}","templated":true}]}}