{"id":95037,"date":"2018-04-03T11:38:00","date_gmt":"2018-04-03T14:38:00","guid":{"rendered":"http:\/\/diarioregionaljf.com.br\/2018\/04\/03\/venezuelanos-comecam-a-ser-transferidos-de-rr-para-outros-estados-nesta-semana\/"},"modified":"2018-04-03T11:38:00","modified_gmt":"2018-04-03T14:38:00","slug":"venezuelanos-comecam-a-ser-transferidos-de-rr-para-outros-estados-nesta-semana","status":"publish","type":"post","link":"https:\/\/diarioregionaldigital.com.br\/?p=95037","title":{"rendered":"Venezuelanos come\u00e7am a ser transferidos de RR para outros estados nesta semana"},"content":{"rendered":"<p>Quase 600 venezuelanos que est\u00e3o em Roraima ser\u00e3o transferidos para outros estados a partir desta semana. Eles emigraram fugindo da situa\u00e7\u00e3o pol\u00edtica e econ\u00f4mica do pa\u00eds natal em um movimento que levou quase 40 mil a tentarem a vida no Brasil.<\/p>\n<p>Um dos objetivos da medida \u00e9 desafogar a situa\u00e7\u00e3o nas cidades de Roraima, que atualmente concentram dezenas de milhares de venezuelanos. Com isso, espera-se garantir melhores condi\u00e7\u00f5es aos imigrantes, boa parte com alta escolaridade e chances de coloca\u00e7\u00e3o no mercado de trabalho.<\/p>\n<p>Do total, 350 v\u00e3o para a cidade de S\u00e3o Paulo, 100 para Cuiab\u00e1, 70 para Manaus e 30 para Campinas (SP). A escolha das cidades foi feita a partir do di\u00e1logo entre o governo federal e prefeituras, que se disponibilizaram a receb\u00ea-los. Segundo a Casa Civil da Presid\u00eancia da Rep\u00fablica, a capital paulista aceitou a ida de um contingente maior pela experi\u00eancia desenvolvida com o acolhimento de haitianos.<\/p>\n<p>A sele\u00e7\u00e3o dos venezuelanos foi feita por representantes do escrit\u00f3rio brasileiro da Ag\u00eancia das Na\u00e7\u00f5es Unidas para Refugiados (Acnur). O primeiro crit\u00e9rio de corte \u00e9 a identifica\u00e7\u00e3o daqueles que t\u00eam vontade de se estabelecer no pa\u00eds. De acordo com a Casa Civil, foram mesclados diferentes perfis. Entre os que ir\u00e3o para S\u00e3o Paulo, por exemplo, h\u00e1 fam\u00edlias e jovens solteiros.<\/p>\n<p>Os traslados ser\u00e3o custeados pelo governo federal. As transfer\u00eancias para S\u00e3o Paulo, Cuiab\u00e1 e Campinas ser\u00e3o realizadas por meio de aeronaves da For\u00e7a A\u00e9rea Brasileira. J\u00e1 aqueles selecionados para ir a Manaus far\u00e3o o trajeto de \u00f4nibus.<\/p>\n<p>A Casa Civil n\u00e3o soube informar se haver\u00e1 novas levas de interioriza\u00e7\u00e3o e nem quantos venezuelanos est\u00e3o em condi\u00e7\u00f5es de serem transferidas para outros estados.<\/p>\n<h4>ABRIGAMENTO<\/h4>\n<p>De acordo com a Casa Civil, al\u00e9m da interioriza\u00e7\u00e3o o governo federal vem realizando outras a\u00e7\u00f5es de atendimento em Roraima. Foram implantadas barracas nas cidades com maior n\u00famero de venezuelanos para oferecer abrigos a centenas de pessoas que estavam vivendo em pra\u00e7as p\u00fablicas.<\/p>\n<p>O Ex\u00e9rcito tem atuado para fornecer tr\u00eas refei\u00e7\u00f5es di\u00e1rias e a prefeitura de Boa Vista est\u00e1 garantindo atendimento m\u00e9dico e vacina\u00e7\u00e3o. Novas medidas ser\u00e3o anunciadas em entrevista coletiva que ser\u00e1 realizada amanh\u00e3.<\/p>\n<p>Fonte: Ag\u00eancia Brasil<\/p>\n","protected":false},"excerpt":{"rendered":"<p>Quase 600 venezuelanos que est\u00e3o em Roraima ser\u00e3o transferidos para outros estados a partir desta semana. Eles emigraram fugindo da situa\u00e7\u00e3o pol\u00edtica e econ\u00f4mica do pa\u00eds natal em um movimento que levou quase 40 mil a tentarem a vida no Brasil. Um dos objetivos da medida \u00e9 desafogar a situa\u00e7\u00e3o nas cidades de Roraima, que [&hellip;]<\/p>\n","protected":false},"author":96,"featured_media":95036,"comment_status":"closed","ping_status":"closed","sticky":false,"template":"","format":"standard","meta":{"footnotes":""},"categories":[302],"tags":[],"class_list":["post-95037","post","type-post","status-publish","format-standard","has-post-thumbnail","hentry","category-brasil-mundo"],"_links":{"self":[{"href":"https:\/\/diarioregionaldigital.com.br\/index.php?rest_route=\/wp\/v2\/posts\/95037","targetHints":{"allow":["GET"]}}],"collection":[{"href":"https:\/\/diarioregionaldigital.com.br\/index.php?rest_route=\/wp\/v2\/posts"}],"about":[{"href":"https:\/\/diarioregionaldigital.com.br\/index.php?rest_route=\/wp\/v2\/types\/post"}],"author":[{"embeddable":true,"href":"https:\/\/diarioregionaldigital.com.br\/index.php?rest_route=\/wp\/v2\/users\/96"}],"replies":[{"embeddable":true,"href":"https:\/\/diarioregionaldigital.com.br\/index.php?rest_route=%2Fwp%2Fv2%2Fcomments&post=95037"}],"version-history":[{"count":0,"href":"https:\/\/diarioregionaldigital.com.br\/index.php?rest_route=\/wp\/v2\/posts\/95037\/revisions"}],"wp:featuredmedia":[{"embeddable":true,"href":"https:\/\/diarioregionaldigital.com.br\/index.php?rest_route=\/wp\/v2\/media\/95036"}],"wp:attachment":[{"href":"https:\/\/diarioregionaldigital.com.br\/index.php?rest_route=%2Fwp%2Fv2%2Fmedia&parent=95037"}],"wp:term":[{"taxonomy":"category","embeddable":true,"href":"https:\/\/diarioregionaldigital.com.br\/index.php?rest_route=%2Fwp%2Fv2%2Fcategories&post=95037"},{"taxonomy":"post_tag","embeddable":true,"href":"https:\/\/diarioregionaldigital.com.br\/index.php?rest_route=%2Fwp%2Fv2%2Ftags&post=95037"}],"curies":[{"name":"wp","href":"https:\/\/api.w.org\/{rel}","templated":true}]}}