{"id":95035,"date":"2018-04-03T11:34:35","date_gmt":"2018-04-03T14:34:35","guid":{"rendered":"http:\/\/diarioregionaljf.com.br\/2018\/04\/03\/grupo-tortura-nunca-mais-entrega-medalhas-a-defensores-de-direitos-humanos\/"},"modified":"2018-04-03T11:34:35","modified_gmt":"2018-04-03T14:34:35","slug":"grupo-tortura-nunca-mais-entrega-medalhas-a-defensores-de-direitos-humanos","status":"publish","type":"post","link":"https:\/\/diarioregionaldigital.com.br\/?p=95035","title":{"rendered":"Grupo Tortura Nunca Mais entrega medalhas a defensores de direitos humanos"},"content":{"rendered":"<p>O Grupo Tortura Nunca Mais entregou nessa segunda-feira, 2, pelo 30\u00ba ano, a Medalha Chico Mendes de Resist\u00eancia. A cerim\u00f4nia foi realizada no Teatro Odylo Costa Filho na Universidade Estadual do Rio de Janeiro.<\/p>\n<p>O grupo faz a homenagem sempre no dia 1\u00ba de abril, para marcar o golpe civil militar em 1964, mas que como este ano caiu no domingo, foi marcada para esta segunda-feira. Ao todo, 12 medalhas foram distribu\u00eddas. A iniciativa \u00e9 rememorar mortos e desaparecidos na ditadura e homenagear institui\u00e7\u00f5es e pessoas que atuam na defesa dos direitos humanos.<\/p>\n<p>Uma delas \u00e9 Rute Fiuza, m\u00e3e de um jovem de 16 anos, negro, que desapareceu, em frente de casa, em Salvador, em 2014. Desde o desaparecimento ela cobra respostas das autoridades, Rute relata que o menino foi sequestrado por homens encapuzados. Por denunciar suspeita de participa\u00e7\u00e3o de policiais, ela relata que tem enfrentado amea\u00e7as.<\/p>\n<p>\u201cEstamos homenageando a Rute como forma de homenagear m\u00e3es que est\u00e3o, dia ap\u00f3s dia, perdendo seus filhos assassinados nas favelas, bairros pobres e que ainda s\u00e3o amea\u00e7adas por buscar respostas\u201d, disse Cec\u00edlia Coimbra, da dire\u00e7\u00e3o do Tortura Nunca Mais.<\/p>\n<p>Os outros homenageados s\u00e3o: Fabiana Braga, jovem integrante do Movimento dos Trabalhadores Rurais Sem Terra (MST), que foi presa e torturada, no Paran\u00e1, por seis meses; M\u00e3e Meninazinha de Oxum, do Il\u00ea Omolu Oxum, s\u00edmbolo da luta contra intoler\u00e2ncia religiosa; Ana Maria Tellechea, promotora uruguaia respons\u00e1vel por investiga\u00e7\u00f5es contra o assassinato de militantes pol\u00edticos pela For\u00e7a \u00c1erea daquele pa\u00eds; a l\u00edder comunit\u00e1ria ind\u00edgena Milagro Sala, presa pol\u00edtica na Argentina; al\u00e9m de Ilma e R\u00f4mulo Noronha, casal de militantes da A\u00e7\u00e3o Libertadora Nacional e ex-presos pol\u00edticos.<\/p>\n<p>O l\u00edder sindical Comandante Paulo Mello Bastos, que pilotou o avi\u00e3o trazendo Jango ao Brasil, ap\u00f3s a ren\u00fancia de J\u00e2nio Quadros, tamb\u00e9m foi homenageado, assim como os militantes Jaime Petiti, desaparecido na Guerrilha do Araguaia e Jos\u00e9 Barreto (Zequinha), assassinado por militares, junto com o capit\u00e3o Carlos Lamarca, no interior da Bahia. \u201cCarlos Lamarca j\u00e1 estava doente e o Zequinha o levava nas costas\u201d, relembrou Cec\u00edlia. Cosme Alves Netto, ex-preso pol\u00edtico, respons\u00e1vel por transformar a Cinemateca do Museu de Arte Moderna do Rio em ponto de resist\u00eancia pol\u00edtica, na d\u00e9cada de 1960, tamb\u00e9m estava na lista. Ele foi ainda programador do antigo Cinema Paissandu, ponto de encontro da juventude \u00e0 \u00e9poca.<\/p>\n<p>Entre as institui\u00e7\u00f5es, tamb\u00e9m receberam a medalha a Ocupa\u00e7\u00e3o Manuel Congo, marco na luta por moradia, e a Casa Nem, que recebe transexuais em situa\u00e7\u00e3o de rua.<\/p>\n<p>\u201cA medalha tem esp\u00edrito, de relembrar o golpe de 1964 e o terrorismo de Estado que se implantou neste pa\u00eds. O que aconteceu l\u00e1 atr\u00e1s, continua acontecendo hoje, as pessoas continuam desaparecendo nos cambur\u00f5es da pol\u00edcia e morrendo em &#8216;autos de resist\u00eancia\u2019&#8217; \u2013 utilizad\u00edssimo na ditadura. A maioria dos mortos naquele per\u00edodo era morto em tiroteio ao resistir a pris\u00e3o, morto por atropelamento ou suic\u00eddio. Outra quest\u00e3o \u00e9 a tortura, institucionalizada na ditadura e usada at\u00e9 hoje pelo Estado\u201d, disse Cec\u00edlia Coimbra.<\/p>\n<p>O Tortura Nunca Mais surgiu na d\u00e9cada de 1980 reunindo ativistas, sobreviventes e parentes de mortos e desaparecidos pol\u00edticos, como forma de trazer \u00e0 tona os crimes da ditadura, assim como discutir os termos da Lei de Anistia. Em 1989, o grupo criou a medalha Chico Mendes, em contraposi\u00e7\u00e3o a Medalha do Pacificador, do Comando Militar do Leste, entregue a diversos oficiais do Ex\u00e9rcito, entre eles, que cometeram torturas durante o per\u00edodo militar, segundo o grupo.<\/p>\n<p>Fonte: Ag\u00eancia Brasil<\/p>\n","protected":false},"excerpt":{"rendered":"<p>O Grupo Tortura Nunca Mais entregou nessa segunda-feira, 2, pelo 30\u00ba ano, a Medalha Chico Mendes de Resist\u00eancia. A cerim\u00f4nia foi realizada no Teatro Odylo Costa Filho na Universidade Estadual do Rio de Janeiro. O grupo faz a homenagem sempre no dia 1\u00ba de abril, para marcar o golpe civil militar em 1964, mas que [&hellip;]<\/p>\n","protected":false},"author":96,"featured_media":95034,"comment_status":"closed","ping_status":"closed","sticky":false,"template":"","format":"standard","meta":{"footnotes":""},"categories":[302],"tags":[],"class_list":["post-95035","post","type-post","status-publish","format-standard","has-post-thumbnail","hentry","category-brasil-mundo"],"_links":{"self":[{"href":"https:\/\/diarioregionaldigital.com.br\/index.php?rest_route=\/wp\/v2\/posts\/95035","targetHints":{"allow":["GET"]}}],"collection":[{"href":"https:\/\/diarioregionaldigital.com.br\/index.php?rest_route=\/wp\/v2\/posts"}],"about":[{"href":"https:\/\/diarioregionaldigital.com.br\/index.php?rest_route=\/wp\/v2\/types\/post"}],"author":[{"embeddable":true,"href":"https:\/\/diarioregionaldigital.com.br\/index.php?rest_route=\/wp\/v2\/users\/96"}],"replies":[{"embeddable":true,"href":"https:\/\/diarioregionaldigital.com.br\/index.php?rest_route=%2Fwp%2Fv2%2Fcomments&post=95035"}],"version-history":[{"count":0,"href":"https:\/\/diarioregionaldigital.com.br\/index.php?rest_route=\/wp\/v2\/posts\/95035\/revisions"}],"wp:featuredmedia":[{"embeddable":true,"href":"https:\/\/diarioregionaldigital.com.br\/index.php?rest_route=\/wp\/v2\/media\/95034"}],"wp:attachment":[{"href":"https:\/\/diarioregionaldigital.com.br\/index.php?rest_route=%2Fwp%2Fv2%2Fmedia&parent=95035"}],"wp:term":[{"taxonomy":"category","embeddable":true,"href":"https:\/\/diarioregionaldigital.com.br\/index.php?rest_route=%2Fwp%2Fv2%2Fcategories&post=95035"},{"taxonomy":"post_tag","embeddable":true,"href":"https:\/\/diarioregionaldigital.com.br\/index.php?rest_route=%2Fwp%2Fv2%2Ftags&post=95035"}],"curies":[{"name":"wp","href":"https:\/\/api.w.org\/{rel}","templated":true}]}}