{"id":95033,"date":"2018-04-03T11:31:31","date_gmt":"2018-04-03T14:31:31","guid":{"rendered":"http:\/\/diarioregionaljf.com.br\/2018\/04\/03\/transexuais-e-travestis-podem-incluir-nome-social-no-titulo-de-eleitor-diz-tse\/"},"modified":"2018-04-03T11:31:31","modified_gmt":"2018-04-03T14:31:31","slug":"transexuais-e-travestis-podem-incluir-nome-social-no-titulo-de-eleitor-diz-tse","status":"publish","type":"post","link":"https:\/\/diarioregionaldigital.com.br\/?p=95033","title":{"rendered":"Transexuais e travestis podem incluir nome social no t\u00edtulo de eleitor, diz TSE"},"content":{"rendered":"<p>A Justi\u00e7a Eleitoral decidiu nessa segunda-feira, 2, autorizar transexuais e travestis a pedirem a inclus\u00e3o do nome social no t\u00edtulo de eleitor. Com a medida, tamb\u00e9m ser\u00e1 poss\u00edvel atualizar a identidade de g\u00eanero no cadastro eleitoral.<\/p>\n<p>A partir desta ter\u00e7a-feira, 3, e at\u00e9 o dia 9 de maio, o interessado deve procurar o cart\u00f3rio eleitoral de sua localidade para solicitar a mudan\u00e7a, que ser\u00e1 feita por autodeclara\u00e7\u00e3o. Segundo o Tribunal Superior Eleitoral (TSE), para ficar aptos a votar nas elei\u00e7\u00f5es de outubro, os interessados devem fazer os pedidos dentro do prazo.<\/p>\n<p>Atualmente, transexuais j\u00e1 podem adotar o nome social em identifica\u00e7\u00f5es n\u00e3o oficiais, como crach\u00e1s, matr\u00edculas escolares e na inscri\u00e7\u00e3o do Exame Nacional do Ensino M\u00e9dio (Enem), por exemplo. A administra\u00e7\u00e3o p\u00fablica federal tamb\u00e9m autoriza o uso do nome social e o reconhecimento da identidade de g\u00eanero de travestis e transexuais desde abril do ano passado.<\/p>\n<p>Fonte: Ag\u00eancia Brasil<\/p>\n","protected":false},"excerpt":{"rendered":"<p>A Justi\u00e7a Eleitoral decidiu nessa segunda-feira, 2, autorizar transexuais e travestis a pedirem a inclus\u00e3o do nome social no t\u00edtulo de eleitor. Com a medida, tamb\u00e9m ser\u00e1 poss\u00edvel atualizar a identidade de g\u00eanero no cadastro eleitoral. A partir desta ter\u00e7a-feira, 3, e at\u00e9 o dia 9 de maio, o interessado deve procurar o cart\u00f3rio eleitoral [&hellip;]<\/p>\n","protected":false},"author":96,"featured_media":95032,"comment_status":"closed","ping_status":"closed","sticky":false,"template":"","format":"standard","meta":{"footnotes":""},"categories":[302],"tags":[],"class_list":["post-95033","post","type-post","status-publish","format-standard","has-post-thumbnail","hentry","category-brasil-mundo"],"_links":{"self":[{"href":"https:\/\/diarioregionaldigital.com.br\/index.php?rest_route=\/wp\/v2\/posts\/95033","targetHints":{"allow":["GET"]}}],"collection":[{"href":"https:\/\/diarioregionaldigital.com.br\/index.php?rest_route=\/wp\/v2\/posts"}],"about":[{"href":"https:\/\/diarioregionaldigital.com.br\/index.php?rest_route=\/wp\/v2\/types\/post"}],"author":[{"embeddable":true,"href":"https:\/\/diarioregionaldigital.com.br\/index.php?rest_route=\/wp\/v2\/users\/96"}],"replies":[{"embeddable":true,"href":"https:\/\/diarioregionaldigital.com.br\/index.php?rest_route=%2Fwp%2Fv2%2Fcomments&post=95033"}],"version-history":[{"count":0,"href":"https:\/\/diarioregionaldigital.com.br\/index.php?rest_route=\/wp\/v2\/posts\/95033\/revisions"}],"wp:featuredmedia":[{"embeddable":true,"href":"https:\/\/diarioregionaldigital.com.br\/index.php?rest_route=\/wp\/v2\/media\/95032"}],"wp:attachment":[{"href":"https:\/\/diarioregionaldigital.com.br\/index.php?rest_route=%2Fwp%2Fv2%2Fmedia&parent=95033"}],"wp:term":[{"taxonomy":"category","embeddable":true,"href":"https:\/\/diarioregionaldigital.com.br\/index.php?rest_route=%2Fwp%2Fv2%2Fcategories&post=95033"},{"taxonomy":"post_tag","embeddable":true,"href":"https:\/\/diarioregionaldigital.com.br\/index.php?rest_route=%2Fwp%2Fv2%2Ftags&post=95033"}],"curies":[{"name":"wp","href":"https:\/\/api.w.org\/{rel}","templated":true}]}}