{"id":95031,"date":"2018-04-03T11:21:19","date_gmt":"2018-04-03T14:21:19","guid":{"rendered":"http:\/\/diarioregionaljf.com.br\/2018\/04\/03\/pais-esta-perdendo-ideia-de-institucionalidade-diz-temer\/"},"modified":"2018-04-03T11:21:19","modified_gmt":"2018-04-03T14:21:19","slug":"pais-esta-perdendo-ideia-de-institucionalidade-diz-temer","status":"publish","type":"post","link":"https:\/\/diarioregionaldigital.com.br\/?p=95031","title":{"rendered":"Pa\u00eds est\u00e1 perdendo ideia de institucionalidade, diz Temer"},"content":{"rendered":"<p>O presidente Michel Temer disse que o Brasil est\u00e1 perdendo a ideia de institucionalidade e de cumprimento da Constitui\u00e7\u00e3o, ao discursar para pol\u00edticos na abertura do 62\u00ba Congresso Estadual de Munic\u00edpios, realizado na noite dessa segunda-feira, 2, na cidade de Santos, litoral paulista, ao lado dos ministros da Fazenda, Henrique Meirelles; do Planejamento, Dyogo Oliveira; e da Secretaria de Governo, Carlos Marun. Em frente ao local do evento, manifestantes se concentraram em protesto contra o presidente.<\/p>\n<p>\u201cE n\u00f3s estamos perdendo no pa\u00eds muito a ideia da institucionalidade, a ideia da autoridade, a ideia do cumprimento rigoroso daquilo que est\u00e1 na Constitui\u00e7\u00e3o. Interessante como isso est\u00e1 acontecendo com uma frequ\u00eancia extraordin\u00e1ria, e muitas e muitas vezes em fun\u00e7\u00e3o dos embates pol\u00edticos. Por isso que, em um congresso de munic\u00edpios, n\u00f3s precisamos colocar de lado qualquer fen\u00f4meno partid\u00e1rio\u201d, disse Michel Temer.<\/p>\n<p>O presidente falou da import\u00e2ncia do poder municipal, independentemente de partidos pol\u00edticos, na constru\u00e7\u00e3o do pa\u00eds. \u201cTemos que ter consci\u00eancia de que isso \u00e9 fundamental para o pa\u00eds. N\u00e3o \u00e9 sem raz\u00e3o que eu digo: para o Estado ser forte e para Uni\u00e3o ser forte, \u00e9 preciso que o munic\u00edpio seja forte. Essa \u00e9 a grande realidade. Isso aqui, independentemente de partido pol\u00edtico, \u00e9 uma coisa institucional\u201d.<\/p>\n<p>Para Temer, o que deve prevalecer nos discursos \u00e9 a consci\u00eancia da import\u00e2ncia do munic\u00edpio no conjunto institucional. O presidente disse ser um \u201cmunicipalista, n\u00e3o apenas nas palavras, eu sou por convic\u00e7\u00e3o institucional e na a\u00e7\u00e3o\u201d e lembrou que a Constitui\u00e7\u00e3o de 1988 diz que o pa\u00eds \u00e9 formado por estados, Distrito Federal e munic\u00edpios. \u201cVeja quanto tempo levou para que se chegasse a esse termo [inclus\u00e3o dos munic\u00edpios entre os entes federativos]\u201d.<\/p>\n<h4>MANIFESTA\u00c7\u00c3O<\/h4>\n<p>Os manifestantes fizeram passeata pelas ruas da cidade e um ato em frente ao local do congresso. Eles lembraram a Opera\u00e7\u00e3o Skala, deflagrada no \u00faltimo dia 29 pela Pol\u00edcia Federal, em que pessoas pr\u00f3ximas a Temer foram presas devido ao inqu\u00e9rito do Portos. O inqu\u00e9rito apura o suposto favorecimento da empresa Rodrimar S\/A por meio da edi\u00e7\u00e3o do chamado Decreto dos Portos, assinado por Temer em maio do ano passado.<\/p>\n<p>Fonte: Ag\u00eancia Brasil<\/p>\n","protected":false},"excerpt":{"rendered":"<p>O presidente Michel Temer disse que o Brasil est\u00e1 perdendo a ideia de institucionalidade e de cumprimento da Constitui\u00e7\u00e3o, ao discursar para pol\u00edticos na abertura do 62\u00ba Congresso Estadual de Munic\u00edpios, realizado na noite dessa segunda-feira, 2, na cidade de Santos, litoral paulista, ao lado dos ministros da Fazenda, Henrique Meirelles; do Planejamento, Dyogo Oliveira; [&hellip;]<\/p>\n","protected":false},"author":96,"featured_media":95030,"comment_status":"closed","ping_status":"closed","sticky":false,"template":"","format":"standard","meta":{"footnotes":""},"categories":[254],"tags":[],"class_list":["post-95031","post","type-post","status-publish","format-standard","has-post-thumbnail","hentry","category-politica"],"_links":{"self":[{"href":"https:\/\/diarioregionaldigital.com.br\/index.php?rest_route=\/wp\/v2\/posts\/95031","targetHints":{"allow":["GET"]}}],"collection":[{"href":"https:\/\/diarioregionaldigital.com.br\/index.php?rest_route=\/wp\/v2\/posts"}],"about":[{"href":"https:\/\/diarioregionaldigital.com.br\/index.php?rest_route=\/wp\/v2\/types\/post"}],"author":[{"embeddable":true,"href":"https:\/\/diarioregionaldigital.com.br\/index.php?rest_route=\/wp\/v2\/users\/96"}],"replies":[{"embeddable":true,"href":"https:\/\/diarioregionaldigital.com.br\/index.php?rest_route=%2Fwp%2Fv2%2Fcomments&post=95031"}],"version-history":[{"count":0,"href":"https:\/\/diarioregionaldigital.com.br\/index.php?rest_route=\/wp\/v2\/posts\/95031\/revisions"}],"wp:featuredmedia":[{"embeddable":true,"href":"https:\/\/diarioregionaldigital.com.br\/index.php?rest_route=\/wp\/v2\/media\/95030"}],"wp:attachment":[{"href":"https:\/\/diarioregionaldigital.com.br\/index.php?rest_route=%2Fwp%2Fv2%2Fmedia&parent=95031"}],"wp:term":[{"taxonomy":"category","embeddable":true,"href":"https:\/\/diarioregionaldigital.com.br\/index.php?rest_route=%2Fwp%2Fv2%2Fcategories&post=95031"},{"taxonomy":"post_tag","embeddable":true,"href":"https:\/\/diarioregionaldigital.com.br\/index.php?rest_route=%2Fwp%2Fv2%2Ftags&post=95031"}],"curies":[{"name":"wp","href":"https:\/\/api.w.org\/{rel}","templated":true}]}}