{"id":95027,"date":"2018-04-03T11:16:14","date_gmt":"2018-04-03T14:16:14","guid":{"rendered":"http:\/\/diarioregionaljf.com.br\/2018\/04\/03\/jovem-armado-assalta-onibus-no-bairro-bom-pastor\/"},"modified":"2018-04-03T11:16:14","modified_gmt":"2018-04-03T14:16:14","slug":"jovem-armado-assalta-onibus-no-bairro-bom-pastor","status":"publish","type":"post","link":"https:\/\/diarioregionaldigital.com.br\/?p=95027","title":{"rendered":"Jovem armado assalta \u00f4nibus no bairro Bom Pastor"},"content":{"rendered":"<p>Um indiv\u00edduo armado assaltou um \u00f4nibus do transporte coletivo na Avenida Rio Branco, altura do bairro Bom Pastor, zona Sul, na noite dessa segunda-feira, 2.<\/p>\n<p>De acordo com as v\u00edtimas, cobrador e motorista do \u00f4nibus, o autor, que aparentava ter 17 anos, embarcou no coletivo e, de posse de uma arma de fogo, anunciou o assalto. Foram roubados cerca de R$20 do caixa e dois aparelhos celulares.<\/p>\n","protected":false},"excerpt":{"rendered":"<p>Um indiv\u00edduo armado assaltou um \u00f4nibus do transporte coletivo na Avenida Rio Branco, altura do bairro Bom Pastor, zona Sul, na noite dessa segunda-feira, 2. De acordo com as v\u00edtimas, cobrador e motorista do \u00f4nibus, o autor, que aparentava ter 17 anos, embarcou no coletivo e, de posse de uma arma de fogo, anunciou o [&hellip;]<\/p>\n","protected":false},"author":96,"featured_media":95026,"comment_status":"closed","ping_status":"closed","sticky":false,"template":"","format":"standard","meta":{"footnotes":""},"categories":[301],"tags":[],"class_list":["post-95027","post","type-post","status-publish","format-standard","has-post-thumbnail","hentry","category-artigos-policiais"],"_links":{"self":[{"href":"https:\/\/diarioregionaldigital.com.br\/index.php?rest_route=\/wp\/v2\/posts\/95027","targetHints":{"allow":["GET"]}}],"collection":[{"href":"https:\/\/diarioregionaldigital.com.br\/index.php?rest_route=\/wp\/v2\/posts"}],"about":[{"href":"https:\/\/diarioregionaldigital.com.br\/index.php?rest_route=\/wp\/v2\/types\/post"}],"author":[{"embeddable":true,"href":"https:\/\/diarioregionaldigital.com.br\/index.php?rest_route=\/wp\/v2\/users\/96"}],"replies":[{"embeddable":true,"href":"https:\/\/diarioregionaldigital.com.br\/index.php?rest_route=%2Fwp%2Fv2%2Fcomments&post=95027"}],"version-history":[{"count":0,"href":"https:\/\/diarioregionaldigital.com.br\/index.php?rest_route=\/wp\/v2\/posts\/95027\/revisions"}],"wp:featuredmedia":[{"embeddable":true,"href":"https:\/\/diarioregionaldigital.com.br\/index.php?rest_route=\/wp\/v2\/media\/95026"}],"wp:attachment":[{"href":"https:\/\/diarioregionaldigital.com.br\/index.php?rest_route=%2Fwp%2Fv2%2Fmedia&parent=95027"}],"wp:term":[{"taxonomy":"category","embeddable":true,"href":"https:\/\/diarioregionaldigital.com.br\/index.php?rest_route=%2Fwp%2Fv2%2Fcategories&post=95027"},{"taxonomy":"post_tag","embeddable":true,"href":"https:\/\/diarioregionaldigital.com.br\/index.php?rest_route=%2Fwp%2Fv2%2Ftags&post=95027"}],"curies":[{"name":"wp","href":"https:\/\/api.w.org\/{rel}","templated":true}]}}