{"id":95025,"date":"2018-04-03T11:09:59","date_gmt":"2018-04-03T14:09:59","guid":{"rendered":"http:\/\/diarioregionaljf.com.br\/2018\/04\/03\/advogados-entregam-3-6-mil-assinaturas-ao-stf-contra-prisao-apos-2-instancia\/"},"modified":"2018-04-03T11:09:59","modified_gmt":"2018-04-03T14:09:59","slug":"advogados-entregam-3-6-mil-assinaturas-ao-stf-contra-prisao-apos-2-instancia","status":"publish","type":"post","link":"https:\/\/diarioregionaldigital.com.br\/?p=95025","title":{"rendered":"Advogados entregam 3,6 mil assinaturas ao STF contra pris\u00e3o ap\u00f3s 2\u00aa inst\u00e2ncia"},"content":{"rendered":"<p>Um grupo de advogados criminalistas entregou nessa segunda-feira, 2, ao Supremo Tribunal Federal (STF) um abaixo-assinado contra a pris\u00e3o de condenados ap\u00f3s o fim dos recursos na segunda inst\u00e2ncia da Justi\u00e7a. O documento conta com 3,6 mil assinaturas.<\/p>\n<p>Os advogados defendem que a Corte mude o entendimento firmado em 2016, quando a maioria dos ministros decidiu que \u00e9 constitucional a execu\u00e7\u00e3o provis\u00f3ria da pena antes do transito em julgado, ou seja, o fim de todos os recursos poss\u00edveis na pr\u00f3pria Corte.<\/p>\n<p>\u201cNingu\u00e9m, absolutamente ningu\u00e9m, ser\u00e1 considerado culpado enquanto n\u00e3o esgotados todos os recursos. Da\u00ed decorre que, exceto nos casos de pris\u00e3o em flagrante ou pris\u00e3o provis\u00f3ria (tempor\u00e1ria ou preventiva), uma pessoa s\u00f3 poder\u00e1 ser presa depois de uma senten\u00e7a condenat\u00f3ria definitiva (quando n\u00e3o houver mais possiblidade de julgamento). Gostemos ou n\u00e3o, a Constitui\u00e7\u00e3o da Rep\u00fablica consagrou o princ\u00edpio da presun\u00e7\u00e3o de inoc\u00eancia\u201d, argumentam os advogados.<\/p>\n<p>O documento foi motivado pelo julgamento, marcado para a pr\u00f3xima quarta-feira (4), do habeas corpus protocolado pelo ex-presidente Luiz In\u00e1cio Lula da Silva para evitar a execu\u00e7\u00e3o provis\u00f3ria da pena de 12 anos e um m\u00eas de pris\u00e3o na a\u00e7\u00e3o penal do triplex de Guaruj\u00e1 (SP), um dos processos da Opera\u00e7\u00e3o Lava Jato.<\/p>\n<p>Fonte: Ag\u00eancia Brasil<\/p>\n","protected":false},"excerpt":{"rendered":"<p>Um grupo de advogados criminalistas entregou nessa segunda-feira, 2, ao Supremo Tribunal Federal (STF) um abaixo-assinado contra a pris\u00e3o de condenados ap\u00f3s o fim dos recursos na segunda inst\u00e2ncia da Justi\u00e7a. O documento conta com 3,6 mil assinaturas. Os advogados defendem que a Corte mude o entendimento firmado em 2016, quando a maioria dos ministros [&hellip;]<\/p>\n","protected":false},"author":96,"featured_media":95024,"comment_status":"closed","ping_status":"closed","sticky":false,"template":"","format":"standard","meta":{"footnotes":""},"categories":[254],"tags":[],"class_list":["post-95025","post","type-post","status-publish","format-standard","has-post-thumbnail","hentry","category-politica"],"_links":{"self":[{"href":"https:\/\/diarioregionaldigital.com.br\/index.php?rest_route=\/wp\/v2\/posts\/95025","targetHints":{"allow":["GET"]}}],"collection":[{"href":"https:\/\/diarioregionaldigital.com.br\/index.php?rest_route=\/wp\/v2\/posts"}],"about":[{"href":"https:\/\/diarioregionaldigital.com.br\/index.php?rest_route=\/wp\/v2\/types\/post"}],"author":[{"embeddable":true,"href":"https:\/\/diarioregionaldigital.com.br\/index.php?rest_route=\/wp\/v2\/users\/96"}],"replies":[{"embeddable":true,"href":"https:\/\/diarioregionaldigital.com.br\/index.php?rest_route=%2Fwp%2Fv2%2Fcomments&post=95025"}],"version-history":[{"count":0,"href":"https:\/\/diarioregionaldigital.com.br\/index.php?rest_route=\/wp\/v2\/posts\/95025\/revisions"}],"wp:featuredmedia":[{"embeddable":true,"href":"https:\/\/diarioregionaldigital.com.br\/index.php?rest_route=\/wp\/v2\/media\/95024"}],"wp:attachment":[{"href":"https:\/\/diarioregionaldigital.com.br\/index.php?rest_route=%2Fwp%2Fv2%2Fmedia&parent=95025"}],"wp:term":[{"taxonomy":"category","embeddable":true,"href":"https:\/\/diarioregionaldigital.com.br\/index.php?rest_route=%2Fwp%2Fv2%2Fcategories&post=95025"},{"taxonomy":"post_tag","embeddable":true,"href":"https:\/\/diarioregionaldigital.com.br\/index.php?rest_route=%2Fwp%2Fv2%2Ftags&post=95025"}],"curies":[{"name":"wp","href":"https:\/\/api.w.org\/{rel}","templated":true}]}}