{"id":95023,"date":"2018-04-03T10:57:56","date_gmt":"2018-04-03T13:57:56","guid":{"rendered":"http:\/\/diarioregionaljf.com.br\/2018\/04\/03\/motoboy-e-assaltado-durante-entrega-no-sao-pedro\/"},"modified":"2018-04-03T10:57:56","modified_gmt":"2018-04-03T13:57:56","slug":"motoboy-e-assaltado-durante-entrega-no-sao-pedro","status":"publish","type":"post","link":"https:\/\/diarioregionaldigital.com.br\/?p=95023","title":{"rendered":"Motoboy \u00e9 assaltado durante entrega no S\u00e3o Pedro"},"content":{"rendered":"<p>Um motoboy de 31 anos foi assaltado enquanto fazia uma entrega na Rua Lauro Teles Mesquita, no bairro S\u00e3o Pedro, regi\u00e3o Oeste de Juiz de Fora, na tarde dessa segunda-feira, 2.<\/p>\n<p>De acordo com o registro da ocorr\u00eancia na Pol\u00edcia Militar (PM), a v\u00edtima relatou que foi abordada por dois homens armados com rev\u00f3lver. A dupla anunciou o assalto e roubou o celular do motoboy. Na sequ\u00eancia, os autores fugiram em sentido ignorado.<\/p>\n<p>A v\u00edtima foi orientada sobre as demais provid\u00eancias a serem tomadas.<\/p>\n","protected":false},"excerpt":{"rendered":"<p>Um motoboy de 31 anos foi assaltado enquanto fazia uma entrega na Rua Lauro Teles Mesquita, no bairro S\u00e3o Pedro, regi\u00e3o Oeste de Juiz de Fora, na tarde dessa segunda-feira, 2. De acordo com o registro da ocorr\u00eancia na Pol\u00edcia Militar (PM), a v\u00edtima relatou que foi abordada por dois homens armados com rev\u00f3lver. A [&hellip;]<\/p>\n","protected":false},"author":96,"featured_media":95022,"comment_status":"closed","ping_status":"closed","sticky":false,"template":"","format":"standard","meta":{"footnotes":""},"categories":[301],"tags":[],"class_list":["post-95023","post","type-post","status-publish","format-standard","has-post-thumbnail","hentry","category-artigos-policiais"],"_links":{"self":[{"href":"https:\/\/diarioregionaldigital.com.br\/index.php?rest_route=\/wp\/v2\/posts\/95023","targetHints":{"allow":["GET"]}}],"collection":[{"href":"https:\/\/diarioregionaldigital.com.br\/index.php?rest_route=\/wp\/v2\/posts"}],"about":[{"href":"https:\/\/diarioregionaldigital.com.br\/index.php?rest_route=\/wp\/v2\/types\/post"}],"author":[{"embeddable":true,"href":"https:\/\/diarioregionaldigital.com.br\/index.php?rest_route=\/wp\/v2\/users\/96"}],"replies":[{"embeddable":true,"href":"https:\/\/diarioregionaldigital.com.br\/index.php?rest_route=%2Fwp%2Fv2%2Fcomments&post=95023"}],"version-history":[{"count":0,"href":"https:\/\/diarioregionaldigital.com.br\/index.php?rest_route=\/wp\/v2\/posts\/95023\/revisions"}],"wp:featuredmedia":[{"embeddable":true,"href":"https:\/\/diarioregionaldigital.com.br\/index.php?rest_route=\/wp\/v2\/media\/95022"}],"wp:attachment":[{"href":"https:\/\/diarioregionaldigital.com.br\/index.php?rest_route=%2Fwp%2Fv2%2Fmedia&parent=95023"}],"wp:term":[{"taxonomy":"category","embeddable":true,"href":"https:\/\/diarioregionaldigital.com.br\/index.php?rest_route=%2Fwp%2Fv2%2Fcategories&post=95023"},{"taxonomy":"post_tag","embeddable":true,"href":"https:\/\/diarioregionaldigital.com.br\/index.php?rest_route=%2Fwp%2Fv2%2Ftags&post=95023"}],"curies":[{"name":"wp","href":"https:\/\/api.w.org\/{rel}","templated":true}]}}