{"id":95021,"date":"2018-04-03T10:48:42","date_gmt":"2018-04-03T13:48:42","guid":{"rendered":"http:\/\/diarioregionaljf.com.br\/2018\/04\/03\/jovens-sao-presos-por-trafico-de-drogas-no-bairro-vila-ideal\/"},"modified":"2018-04-03T10:48:42","modified_gmt":"2018-04-03T13:48:42","slug":"jovens-sao-presos-por-trafico-de-drogas-no-bairro-vila-ideal","status":"publish","type":"post","link":"https:\/\/diarioregionaldigital.com.br\/?p=95021","title":{"rendered":"Jovens s\u00e3o presos por tr\u00e1fico de drogas no bairro Vila Ideal"},"content":{"rendered":"<p>Tr\u00eas jovens, de 18, 19 e 20 anos, foram presos por tr\u00e1fico de drogas no bairro Vila Ideal, zona Sudeste da cidade, na madrugada desta ter\u00e7a-feira, 3.<\/p>\n<p>Conforme informa\u00e7\u00f5es da Pol\u00edcia Militar (PM), os autores foram abordados na Rua Amadeu Guimar\u00e3es. Com o trio, foi encontrada uma sacola pl\u00e1stica contendo 40 inv\u00f3lucros com coca\u00edna; a quantia de R$123 em dinheiro e um telefone celular.<\/p>\n<p>Os jovens foram detidos e conduzidos a delegacia.<\/p>\n","protected":false},"excerpt":{"rendered":"<p>Tr\u00eas jovens, de 18, 19 e 20 anos, foram presos por tr\u00e1fico de drogas no bairro Vila Ideal, zona Sudeste da cidade, na madrugada desta ter\u00e7a-feira, 3. Conforme informa\u00e7\u00f5es da Pol\u00edcia Militar (PM), os autores foram abordados na Rua Amadeu Guimar\u00e3es. Com o trio, foi encontrada uma sacola pl\u00e1stica contendo 40 inv\u00f3lucros com coca\u00edna; a [&hellip;]<\/p>\n","protected":false},"author":96,"featured_media":95020,"comment_status":"closed","ping_status":"closed","sticky":false,"template":"","format":"standard","meta":{"footnotes":""},"categories":[301],"tags":[],"class_list":["post-95021","post","type-post","status-publish","format-standard","has-post-thumbnail","hentry","category-artigos-policiais"],"_links":{"self":[{"href":"https:\/\/diarioregionaldigital.com.br\/index.php?rest_route=\/wp\/v2\/posts\/95021","targetHints":{"allow":["GET"]}}],"collection":[{"href":"https:\/\/diarioregionaldigital.com.br\/index.php?rest_route=\/wp\/v2\/posts"}],"about":[{"href":"https:\/\/diarioregionaldigital.com.br\/index.php?rest_route=\/wp\/v2\/types\/post"}],"author":[{"embeddable":true,"href":"https:\/\/diarioregionaldigital.com.br\/index.php?rest_route=\/wp\/v2\/users\/96"}],"replies":[{"embeddable":true,"href":"https:\/\/diarioregionaldigital.com.br\/index.php?rest_route=%2Fwp%2Fv2%2Fcomments&post=95021"}],"version-history":[{"count":0,"href":"https:\/\/diarioregionaldigital.com.br\/index.php?rest_route=\/wp\/v2\/posts\/95021\/revisions"}],"wp:featuredmedia":[{"embeddable":true,"href":"https:\/\/diarioregionaldigital.com.br\/index.php?rest_route=\/wp\/v2\/media\/95020"}],"wp:attachment":[{"href":"https:\/\/diarioregionaldigital.com.br\/index.php?rest_route=%2Fwp%2Fv2%2Fmedia&parent=95021"}],"wp:term":[{"taxonomy":"category","embeddable":true,"href":"https:\/\/diarioregionaldigital.com.br\/index.php?rest_route=%2Fwp%2Fv2%2Fcategories&post=95021"},{"taxonomy":"post_tag","embeddable":true,"href":"https:\/\/diarioregionaldigital.com.br\/index.php?rest_route=%2Fwp%2Fv2%2Ftags&post=95021"}],"curies":[{"name":"wp","href":"https:\/\/api.w.org\/{rel}","templated":true}]}}