{"id":95004,"date":"2018-04-02T20:19:31","date_gmt":"2018-04-02T23:19:31","guid":{"rendered":"http:\/\/diarioregionaljf.com.br\/2018\/04\/02\/crescimento-das-importacoes-diminui-saldo-da-balanca-comercial-em-marco\/"},"modified":"2018-04-02T20:19:31","modified_gmt":"2018-04-02T23:19:31","slug":"crescimento-das-importacoes-diminui-saldo-da-balanca-comercial-em-marco","status":"publish","type":"post","link":"https:\/\/diarioregionaldigital.com.br\/?p=95004","title":{"rendered":"Crescimento das importa\u00e7\u00f5es diminui saldo da balan\u00e7a comercial em mar\u00e7o"},"content":{"rendered":"<p>O crescimento das importa\u00e7\u00f5es, decorrente da recupera\u00e7\u00e3o da economia, reduziu o saldo da balan\u00e7a comercial em mar\u00e7o. Segundo dados divulgados h\u00e1 pouco pelo Minist\u00e9rio da Ind\u00fastria, Com\u00e9rcio Exterior e Servi\u00e7os (Mdic), o pa\u00eds exportou US$6,281 bilh\u00f5es a mais do que importou no m\u00eas passado, queda de 12% em rela\u00e7\u00e3o ao resultado positivo de US$7,136 bilh\u00f5es em mar\u00e7o de 2017.<\/p>\n<p>Com o resultado de mar\u00e7o, a balan\u00e7a comercial \u2013 diferen\u00e7a entre exporta\u00e7\u00f5es e importa\u00e7\u00f5es \u2013 acumula super\u00e1vit de US$13,952 bilh\u00f5es nos tr\u00eas primeiros meses de 2018, valor 3,1% inferior ao do mesmo per\u00edodo do ano passado. Apesar da retra\u00e7\u00e3o, o indicador acumula o segundo melhor resultado da hist\u00f3ria, tanto para meses de mar\u00e7o quanto para o primeiro trimestre.No m\u00eas passado, as exporta\u00e7\u00f5es somaram US$20,089 bilh\u00f5es, alta de 9,6% em rela\u00e7\u00e3o a mar\u00e7o de 2017 pelo crit\u00e9rio da m\u00e9dia di\u00e1ria.<\/p>\n<p>O destaque foram as vendas de semimanufaturados, que cresceram 16,8% sobre o mesmo m\u00eas do ano passado, gra\u00e7as \u00e0s vendas de zinco bruto (alta de 95,5%), celulose (+92,1%) e ligas de ferro (48,3%).<\/p>\n<p>As exporta\u00e7\u00f5es de produtos b\u00e1sicos aumentaram 8,4% na mesma compara\u00e7\u00e3o, impulsionadas pelos embarques de milho em gr\u00e3o (168,5%), fumo em folhas (127,2%) e petr\u00f3leo bruto (41,7%). As vendas de produtos manufaturados subiram 8,3%, com destaque para \u00f3leos combust\u00edveis (+149,7%), suco de laranja n\u00e3o congelado (+120,2%) e tubos de ferro fundido (+99,4%).<\/p>\n<p>As importa\u00e7\u00f5es somaram US$13,809 bilh\u00f5es, com alta de 16,9% em rela\u00e7\u00e3o a mar\u00e7o do ano passado pelo crit\u00e9rio da m\u00e9dia di\u00e1ria. As compras de combust\u00edveis e lubrificantes cresceram 46,5% sobre o mesmo m\u00eas do ano passado. As importa\u00e7\u00f5es de bens de capital (m\u00e1quinas e equipamentos usados na produ\u00e7\u00e3o) aumentaram 20,5%. As compras de bens de consumo subiram 16,4%; e as compras de bens intermedi\u00e1rios, 12,2% na mesma compara\u00e7\u00e3o.<\/p>\n<p>Em 2017, a balan\u00e7a comercial fechou o ano com super\u00e1vit recorde de US$ 67 bilh\u00f5es, beneficiado pela supersafra e pela valoriza\u00e7\u00e3o das commodities (bens prim\u00e1rios com cota\u00e7\u00e3o internacional). Para este ano, o Mdic projeta super\u00e1vit menor, em torno de US$ 50 bilh\u00f5es, por causa da estabiliza\u00e7\u00e3o do pre\u00e7o dos bens prim\u00e1rios e da recupera\u00e7\u00e3o da economia, que impulsiona as importa\u00e7\u00f5es.<\/p>\n<hr \/>\n<p>&nbsp;Fonte: Ag\u00eancia Brasil<\/p>\n","protected":false},"excerpt":{"rendered":"<p>O crescimento das importa\u00e7\u00f5es, decorrente da recupera\u00e7\u00e3o da economia, reduziu o saldo da balan\u00e7a comercial em mar\u00e7o. Segundo dados divulgados h\u00e1 pouco pelo Minist\u00e9rio da Ind\u00fastria, Com\u00e9rcio Exterior e Servi\u00e7os (Mdic), o pa\u00eds exportou US$6,281 bilh\u00f5es a mais do que importou no m\u00eas passado, queda de 12% em rela\u00e7\u00e3o ao resultado positivo de US$7,136 bilh\u00f5es [&hellip;]<\/p>\n","protected":false},"author":96,"featured_media":95003,"comment_status":"closed","ping_status":"closed","sticky":false,"template":"","format":"standard","meta":{"footnotes":""},"categories":[261],"tags":[],"class_list":["post-95004","post","type-post","status-publish","format-standard","has-post-thumbnail","hentry","category-economia"],"_links":{"self":[{"href":"https:\/\/diarioregionaldigital.com.br\/index.php?rest_route=\/wp\/v2\/posts\/95004","targetHints":{"allow":["GET"]}}],"collection":[{"href":"https:\/\/diarioregionaldigital.com.br\/index.php?rest_route=\/wp\/v2\/posts"}],"about":[{"href":"https:\/\/diarioregionaldigital.com.br\/index.php?rest_route=\/wp\/v2\/types\/post"}],"author":[{"embeddable":true,"href":"https:\/\/diarioregionaldigital.com.br\/index.php?rest_route=\/wp\/v2\/users\/96"}],"replies":[{"embeddable":true,"href":"https:\/\/diarioregionaldigital.com.br\/index.php?rest_route=%2Fwp%2Fv2%2Fcomments&post=95004"}],"version-history":[{"count":0,"href":"https:\/\/diarioregionaldigital.com.br\/index.php?rest_route=\/wp\/v2\/posts\/95004\/revisions"}],"wp:featuredmedia":[{"embeddable":true,"href":"https:\/\/diarioregionaldigital.com.br\/index.php?rest_route=\/wp\/v2\/media\/95003"}],"wp:attachment":[{"href":"https:\/\/diarioregionaldigital.com.br\/index.php?rest_route=%2Fwp%2Fv2%2Fmedia&parent=95004"}],"wp:term":[{"taxonomy":"category","embeddable":true,"href":"https:\/\/diarioregionaldigital.com.br\/index.php?rest_route=%2Fwp%2Fv2%2Fcategories&post=95004"},{"taxonomy":"post_tag","embeddable":true,"href":"https:\/\/diarioregionaldigital.com.br\/index.php?rest_route=%2Fwp%2Fv2%2Ftags&post=95004"}],"curies":[{"name":"wp","href":"https:\/\/api.w.org\/{rel}","templated":true}]}}