{"id":94978,"date":"2018-04-02T16:54:46","date_gmt":"2018-04-02T19:54:46","guid":{"rendered":"http:\/\/diarioregionaljf.com.br\/2018\/04\/02\/em-mensagem-pela-pascoa-papa-condena-exterminio-na-siria\/"},"modified":"2018-04-02T16:54:46","modified_gmt":"2018-04-02T19:54:46","slug":"em-mensagem-pela-pascoa-papa-condena-exterminio-na-siria","status":"publish","type":"post","link":"https:\/\/diarioregionaldigital.com.br\/?p=94978","title":{"rendered":"Em mensagem pela P\u00e1scoa, Papa condena &#8220;exterm\u00ednio&#8221; na S\u00edria"},"content":{"rendered":"<p>O papa Francisco presidiu nesse domingo, 1\u00ba de abril, a missa do Domingo da Ressurrei\u00e7\u00e3o, na Pra\u00e7a de S\u00e3o Pedro, no Vaticano, e depois leu sua mensagem de P\u00e1scoa, na qual condenou o &#8220;exterm\u00ednio&#8221; que est\u00e1 sendo cometido na S\u00edria e pediu uma solu\u00e7\u00e3o para a crise na Venezuela.<\/p>\n<p>Al\u00e9m disso, Francisco fez a tradicional b\u00ean\u00e7\u00e3o &#8220;Urbi et Orbi&#8221; (\u00e0 cidade e ao mundo) na sacada central da Bas\u00edlica de S\u00e3o Pedro.<\/p>\n<p>Sobre a Venezuela, ele pediu que seu povo, que &#8220;vive em uma esp\u00e9cie de terra estrangeira dentro de seu pr\u00f3prio pa\u00eds&#8221; encontre &#8220;o caminho justo, pac\u00edfico e humano para sair o mais r\u00e1pido poss\u00edvel da crise pol\u00edtica e humanit\u00e1ria que o oprime, e que n\u00e3o faltem acolhimento e assist\u00eancia aos muitos de seus filhos que est\u00e3o sendo obrigados a deixar sua p\u00e1tria&#8221;.<\/p>\n<p>Em seu discurso, lotado de mensagens em favor da paz e do di\u00e1logo, Francisco condenou as &#8220;injusti\u00e7as e viol\u00eancias&#8221;, a &#8220;mis\u00e9ria e a exclus\u00e3o&#8221;, a &#8220;fome&#8221;, a &#8220;falta de trabalho&#8221;, a rejei\u00e7\u00e3o social para &#8220;os refugiados&#8221;, &#8220;as v\u00edtimas do narcotr\u00e1fico, do tr\u00e1fico humano e das distintas formas de escravid\u00e3o&#8221; atuais.<\/p>\n<p>Sobre a S\u00edria, cuja &#8220;popula\u00e7\u00e3o est\u00e1 extenuada por uma guerra que n\u00e3o tem fim&#8221;, o papa convocou &#8220;todos os respons\u00e1veis pol\u00edticos e militares, para que ponham fim imediatamente ao exterm\u00ednio que est\u00e1 acontecendo, para que se respeite o direito humanit\u00e1rio e se proceda a facilitar o acesso \u00e0 ajuda&#8221; que a popula\u00e7\u00e3o necessita &#8220;urgentemente&#8221;.<\/p>\n<p>Francisco tamb\u00e9m mencionou a Pen\u00ednsula Coreana e desejou que &#8220;as conversas em curso promovam a harmonia e a pacifica\u00e7\u00e3o da regi\u00e3o&#8221; e pediu aos respons\u00e1veis que &#8220;atuem com sabedoria e discernimento para promover o bem do povo coreano e construir rela\u00e7\u00f5es de confian\u00e7a no seio da comunidade internacional&#8221;.<\/p>\n<p>O papa tamb\u00e9m fez votos de paz na &#8220;Terra Santa, que nestes dias tamb\u00e9m est\u00e1 sendo golpeada por conflitos abertos que n\u00e3o respeitam os indefesos, para o I\u00eamen e para todo o Oriente Pr\u00f3ximo&#8221;.<\/p>\n<p>Nesse domingo, o papa tamb\u00e9m teve palavras para condenar a fome, os conflitos e o terrorismo na \u00c1frica, especialmente no Sud\u00e3o do Sul e na Rep\u00fablica Democr\u00e1tica do Congo.<\/p>\n<p>Sobre a Ucr\u00e2nia, ele disse que espera &#8220;que os passos em favor de um acordo se fortale\u00e7am e facilitem as iniciativas humanit\u00e1rias que a popula\u00e7\u00e3o necessita&#8221;.<\/p>\n<h4>&nbsp;<\/h4>\n<h4>CRIAN\u00c7AS SOFREM PELAS GUERRAS E PELA FOME<\/h4>\n<p>Al\u00e9m disso, Francisco dedicou algumas palavras \u00e0s crian\u00e7as &#8220;que sofrem pelas guerras e pela fome&#8221; e tamb\u00e9m aos &#8220;idosos desprezados pela cultura ego\u00edsta, que descarta quem n\u00e3o \u00e9 produtivo&#8221;.<\/p>\n<p>&#8220;Invocamos frutos de sabedoria para os que t\u00eam responsabilidades pol\u00edticas em todo o mundo, para que respeitem sempre a dignidade humana, se esforcem com dedica\u00e7\u00e3o ao servi\u00e7o do bem comum e garantam o desenvolvimento e a seguran\u00e7a aos pr\u00f3prios cidad\u00e3os&#8221;, disse o pont\u00edfice.<\/p>\n<p>Antes de proferir sua mensagem de P\u00e1scoa na sacada da Bas\u00edlica de S\u00e3o Pedro, o l\u00edder da Igreja Cat\u00f3lica presidiu a missa do Domingo da Ressurrei\u00e7\u00e3o e pronunciou uma homilia de forma espont\u00e2nea, sem ler nenhum discurso escrito.<\/p>\n<p>Francisco falou de dois conceitos, a &#8220;surpresa do an\u00fancio&#8221; de Jesus ressuscitado e &#8220;a pressa&#8221; do povo que compareceu ao sepulcro para comprovar efetivamente que ele j\u00e1 n\u00e3o estava l\u00e1.<\/p>\n<h4>&nbsp;<\/h4>\n<h4>SURPRESAS<\/h4>\n<p>O papa concluiu com uma pergunta aos presentes, ao convid\u00e1-los a refletir sobre como reagem na vida, se correm para as surpresas ou ficam quietos porque n\u00e3o querem arriscar.<\/p>\n<p>&#8220;Tenho o cora\u00e7\u00e3o aberto \u00e0s surpresas de Deus, sou capaz de ir a correr? Ou sempre repito a frase \u201camanh\u00e3 verei\u201d? O que a surpresa me diz? (&#8230;) A pergunta (\u00e9): \u201cE eu hoje, nesta P\u00e1scoa de 2018, o que fa\u00e7o?&#8221;, disse.<\/p>\n<p>A Pra\u00e7a de S\u00e3o Pedro amanheceu decorada com milhares de flores procedentes da Holanda, como se faz desde 1985, ano em que um florista holand\u00eas decidiu realizar esta oferenda ao Vaticano a cada Domingo de P\u00e1scoa.<\/p>\n<p>Transformada em um improvisado e extraordin\u00e1rio jardim, a pra\u00e7a continha cerca de 60 mil flores e plantas, entre elas 900 ramos de orqu\u00eddeas verdes, s\u00edmbolo de esperan\u00e7a e paz, mas tamb\u00e9m 6 mil jacintos, mais de 13 mil narcisos, 3 mil rosas, 500 l\u00edrios e 20 mil tulipas.<\/p>\n<p>O papa Francisco concluiu assim os ritos da Semana Santa e hoje rezar\u00e1 no Pal\u00e1cio Apost\u00f3lico do Vaticano a Regina Coeli, a ora\u00e7\u00e3o que substitui o \u00c2ngelus em tempos de P\u00e1scoa.<\/p>\n<p>Fonte: Ag\u00eancia Brasil<\/p>\n","protected":false},"excerpt":{"rendered":"<p>O papa Francisco presidiu nesse domingo, 1\u00ba de abril, a missa do Domingo da Ressurrei\u00e7\u00e3o, na Pra\u00e7a de S\u00e3o Pedro, no Vaticano, e depois leu sua mensagem de P\u00e1scoa, na qual condenou o &#8220;exterm\u00ednio&#8221; que est\u00e1 sendo cometido na S\u00edria e pediu uma solu\u00e7\u00e3o para a crise na Venezuela. Al\u00e9m disso, Francisco fez a tradicional [&hellip;]<\/p>\n","protected":false},"author":96,"featured_media":94977,"comment_status":"closed","ping_status":"closed","sticky":false,"template":"","format":"standard","meta":{"footnotes":""},"categories":[302],"tags":[],"class_list":["post-94978","post","type-post","status-publish","format-standard","has-post-thumbnail","hentry","category-brasil-mundo"],"_links":{"self":[{"href":"https:\/\/diarioregionaldigital.com.br\/index.php?rest_route=\/wp\/v2\/posts\/94978","targetHints":{"allow":["GET"]}}],"collection":[{"href":"https:\/\/diarioregionaldigital.com.br\/index.php?rest_route=\/wp\/v2\/posts"}],"about":[{"href":"https:\/\/diarioregionaldigital.com.br\/index.php?rest_route=\/wp\/v2\/types\/post"}],"author":[{"embeddable":true,"href":"https:\/\/diarioregionaldigital.com.br\/index.php?rest_route=\/wp\/v2\/users\/96"}],"replies":[{"embeddable":true,"href":"https:\/\/diarioregionaldigital.com.br\/index.php?rest_route=%2Fwp%2Fv2%2Fcomments&post=94978"}],"version-history":[{"count":0,"href":"https:\/\/diarioregionaldigital.com.br\/index.php?rest_route=\/wp\/v2\/posts\/94978\/revisions"}],"wp:featuredmedia":[{"embeddable":true,"href":"https:\/\/diarioregionaldigital.com.br\/index.php?rest_route=\/wp\/v2\/media\/94977"}],"wp:attachment":[{"href":"https:\/\/diarioregionaldigital.com.br\/index.php?rest_route=%2Fwp%2Fv2%2Fmedia&parent=94978"}],"wp:term":[{"taxonomy":"category","embeddable":true,"href":"https:\/\/diarioregionaldigital.com.br\/index.php?rest_route=%2Fwp%2Fv2%2Fcategories&post=94978"},{"taxonomy":"post_tag","embeddable":true,"href":"https:\/\/diarioregionaldigital.com.br\/index.php?rest_route=%2Fwp%2Fv2%2Ftags&post=94978"}],"curies":[{"name":"wp","href":"https:\/\/api.w.org\/{rel}","templated":true}]}}