{"id":94976,"date":"2018-04-02T16:38:15","date_gmt":"2018-04-02T19:38:15","guid":{"rendered":"http:\/\/diarioregionaljf.com.br\/2018\/04\/02\/subtenente-e-o-35-policial-morto-neste-ano-no-rio\/"},"modified":"2018-04-02T16:38:15","modified_gmt":"2018-04-02T19:38:15","slug":"subtenente-e-o-35-policial-morto-neste-ano-no-rio","status":"publish","type":"post","link":"https:\/\/diarioregionaldigital.com.br\/?p=94976","title":{"rendered":"Subtenente \u00e9 o 35\u00ba policial morto neste ano no Rio"},"content":{"rendered":"<p>O subtenente Marc\u00edlio de Melo Ferreira, de 54 anos, foi assassinado na madrugada dessa segunda-feira, 2, durante assalto a posto de gasolina, na zona norte da cidade do Rio de Janeiro. O policial militar estava abastecendo o carro no posto localizado na Avenida Intendente Magalh\u00e3es, em Campinho, quando os assaltantes perceberam que ele estava armado.<\/p>\n<p>O policial lutou com os criminosos, que conseguiram roubar sua arma e atiraram contra ele. Marc\u00edlio chegou a ser levado para o Hospital Estadual Carlos Chagas, mas n\u00e3o resistiu aos ferimentos.<\/p>\n<p>Logo em seguida, policiais militares que faziam o patrulhamento daquela avenida prenderam tr\u00eas pessoas que supostamente se envolveram no roubo e assassinato do policial. A Delegacia de Homic\u00eddios da Capital investiga o caso.<\/p>\n<p>Marc\u00edlio, que estava na Pol\u00edcia Militar h\u00e1 31 anos, era casado e tinha seis filhos. Ele foi o 35\u00ba policial assassinado neste ano no estado do Rio de Janeiro.<\/p>\n<p>Fonte: Ag\u00eancia Brasil<\/p>\n","protected":false},"excerpt":{"rendered":"<p>O subtenente Marc\u00edlio de Melo Ferreira, de 54 anos, foi assassinado na madrugada dessa segunda-feira, 2, durante assalto a posto de gasolina, na zona norte da cidade do Rio de Janeiro. O policial militar estava abastecendo o carro no posto localizado na Avenida Intendente Magalh\u00e3es, em Campinho, quando os assaltantes perceberam que ele estava armado. [&hellip;]<\/p>\n","protected":false},"author":96,"featured_media":94975,"comment_status":"closed","ping_status":"closed","sticky":false,"template":"","format":"standard","meta":{"footnotes":""},"categories":[302],"tags":[],"class_list":["post-94976","post","type-post","status-publish","format-standard","has-post-thumbnail","hentry","category-brasil-mundo"],"_links":{"self":[{"href":"https:\/\/diarioregionaldigital.com.br\/index.php?rest_route=\/wp\/v2\/posts\/94976","targetHints":{"allow":["GET"]}}],"collection":[{"href":"https:\/\/diarioregionaldigital.com.br\/index.php?rest_route=\/wp\/v2\/posts"}],"about":[{"href":"https:\/\/diarioregionaldigital.com.br\/index.php?rest_route=\/wp\/v2\/types\/post"}],"author":[{"embeddable":true,"href":"https:\/\/diarioregionaldigital.com.br\/index.php?rest_route=\/wp\/v2\/users\/96"}],"replies":[{"embeddable":true,"href":"https:\/\/diarioregionaldigital.com.br\/index.php?rest_route=%2Fwp%2Fv2%2Fcomments&post=94976"}],"version-history":[{"count":0,"href":"https:\/\/diarioregionaldigital.com.br\/index.php?rest_route=\/wp\/v2\/posts\/94976\/revisions"}],"wp:featuredmedia":[{"embeddable":true,"href":"https:\/\/diarioregionaldigital.com.br\/index.php?rest_route=\/wp\/v2\/media\/94975"}],"wp:attachment":[{"href":"https:\/\/diarioregionaldigital.com.br\/index.php?rest_route=%2Fwp%2Fv2%2Fmedia&parent=94976"}],"wp:term":[{"taxonomy":"category","embeddable":true,"href":"https:\/\/diarioregionaldigital.com.br\/index.php?rest_route=%2Fwp%2Fv2%2Fcategories&post=94976"},{"taxonomy":"post_tag","embeddable":true,"href":"https:\/\/diarioregionaldigital.com.br\/index.php?rest_route=%2Fwp%2Fv2%2Ftags&post=94976"}],"curies":[{"name":"wp","href":"https:\/\/api.w.org\/{rel}","templated":true}]}}