{"id":94972,"date":"2018-04-02T16:00:38","date_gmt":"2018-04-02T19:00:38","guid":{"rendered":"http:\/\/diarioregionaljf.com.br\/2018\/04\/02\/terremoto-na-bolivia-e-sentido-em-varios-estados-do-brasil\/"},"modified":"2018-04-02T16:00:38","modified_gmt":"2018-04-02T19:00:38","slug":"terremoto-na-bolivia-e-sentido-em-varios-estados-do-brasil","status":"publish","type":"post","link":"https:\/\/diarioregionaldigital.com.br\/?p=94972","title":{"rendered":"Terremoto na Bol\u00edvia \u00e9 sentido em v\u00e1rios estados do Brasil"},"content":{"rendered":"<p>Um terremoto de magnitude 6,8 na escala Richter, oriundo da Bol\u00edvia, foi sentido no Distrito Federal, em S\u00e3o Paulo, no Paran\u00e1, no Rio Grande do Sul e em Minas Gerais, por volta das 11h de desta segunda-feira, 2. A intensidade do tremor foi dimensionada pelo Centro de Sismologia da Universidade de S\u00e3o Paulo (USP).<\/p>\n<p>Na Avenida Paulista, regi\u00e3o central de S\u00e3o Paulo, diversos pr\u00e9dios chegaram a ser esvaziados. Imagens divulgadas pelas redes sociais mostram os trabalhadores ocupando as cal\u00e7adas ap\u00f3s descerem dos escrit\u00f3rios. No centro, o pr\u00e9dio do Minist\u00e9rio P\u00fablico estadual tamb\u00e9m foi esvaziado. O tremor tamb\u00e9m foi sentido na regi\u00e3o norte, segundo o Corpo de Bombeiros.<\/p>\n<p>No estado de S\u00e3o Paulo, munic\u00edpios do interior, como Mar\u00edlia, e do litoral, como Santos, tamb\u00e9m sentiram o tremor.<\/p>\n<p>Em Bras\u00edlia, pr\u00e9dios localizados em uma de suas principais avenidas, a W3, na altura da quadra 508 Norte, foram evacuados e seus ocupantes receberam orienta\u00e7\u00f5es do Corpo de Bombeiros do Distrito Federal.<\/p>\n<p>&#8220;Recebemos v\u00e1rios chamados em todo o Plano Piloto, no Setor de Ind\u00fastrias e no Guar\u00e1. N\u00e3o houve nenhum relato de vitimas e nenhuma estrutura foi comprometida. Houve a percep\u00e7\u00e3o das pessoas quanto ao tremor, mas n\u00e3o se constatou nenhum problema nas edifica\u00e7\u00f5es vistoriadas&#8221;, informou o Capit\u00e3o Ronaldo Reis, do Corpo de Bombeiros.<\/p>\n<p>Segundo ele, equipes de v\u00e1rios quart\u00e9is de Bras\u00edlia e cidades vizinhas foram mobilizadas para o atendimento da popula\u00e7\u00e3o, al\u00e9m de membros da Defesa Civil.<\/p>\n<p>Em caso de tremor de terra, a orienta\u00e7\u00e3o para quem sentir os efeitos do abalo \u00e9 de aguardar o socorro dos bombeiros e da Defesa Civil distante do pr\u00e9dio ou edifica\u00e7\u00e3o. Se o abalo for forte, sugere-se procurar uma equipe de engenheiros para avaliar as condi\u00e7\u00f5es de sustenta\u00e7\u00e3o do edif\u00edcio.<\/p>\n<p>Fonte: Ag\u00eancia Brasil<\/p>\n","protected":false},"excerpt":{"rendered":"<p>Um terremoto de magnitude 6,8 na escala Richter, oriundo da Bol\u00edvia, foi sentido no Distrito Federal, em S\u00e3o Paulo, no Paran\u00e1, no Rio Grande do Sul e em Minas Gerais, por volta das 11h de desta segunda-feira, 2. A intensidade do tremor foi dimensionada pelo Centro de Sismologia da Universidade de S\u00e3o Paulo (USP). Na [&hellip;]<\/p>\n","protected":false},"author":96,"featured_media":94971,"comment_status":"closed","ping_status":"closed","sticky":false,"template":"","format":"standard","meta":{"footnotes":""},"categories":[302],"tags":[],"class_list":["post-94972","post","type-post","status-publish","format-standard","has-post-thumbnail","hentry","category-brasil-mundo"],"_links":{"self":[{"href":"https:\/\/diarioregionaldigital.com.br\/index.php?rest_route=\/wp\/v2\/posts\/94972","targetHints":{"allow":["GET"]}}],"collection":[{"href":"https:\/\/diarioregionaldigital.com.br\/index.php?rest_route=\/wp\/v2\/posts"}],"about":[{"href":"https:\/\/diarioregionaldigital.com.br\/index.php?rest_route=\/wp\/v2\/types\/post"}],"author":[{"embeddable":true,"href":"https:\/\/diarioregionaldigital.com.br\/index.php?rest_route=\/wp\/v2\/users\/96"}],"replies":[{"embeddable":true,"href":"https:\/\/diarioregionaldigital.com.br\/index.php?rest_route=%2Fwp%2Fv2%2Fcomments&post=94972"}],"version-history":[{"count":0,"href":"https:\/\/diarioregionaldigital.com.br\/index.php?rest_route=\/wp\/v2\/posts\/94972\/revisions"}],"wp:featuredmedia":[{"embeddable":true,"href":"https:\/\/diarioregionaldigital.com.br\/index.php?rest_route=\/wp\/v2\/media\/94971"}],"wp:attachment":[{"href":"https:\/\/diarioregionaldigital.com.br\/index.php?rest_route=%2Fwp%2Fv2%2Fmedia&parent=94972"}],"wp:term":[{"taxonomy":"category","embeddable":true,"href":"https:\/\/diarioregionaldigital.com.br\/index.php?rest_route=%2Fwp%2Fv2%2Fcategories&post=94972"},{"taxonomy":"post_tag","embeddable":true,"href":"https:\/\/diarioregionaldigital.com.br\/index.php?rest_route=%2Fwp%2Fv2%2Ftags&post=94972"}],"curies":[{"name":"wp","href":"https:\/\/api.w.org\/{rel}","templated":true}]}}