{"id":94968,"date":"2018-04-02T15:44:29","date_gmt":"2018-04-02T18:44:29","guid":{"rendered":"http:\/\/diarioregionaljf.com.br\/2018\/04\/02\/temer-indica-servidora-de-carreira-para-diretoria-do-banco-central\/"},"modified":"2018-04-02T15:44:29","modified_gmt":"2018-04-02T18:44:29","slug":"temer-indica-servidora-de-carreira-para-diretoria-do-banco-central","status":"publish","type":"post","link":"https:\/\/diarioregionaldigital.com.br\/?p=94968","title":{"rendered":"Temer indica servidora de carreira para diretoria do Banco Central"},"content":{"rendered":"<p>O presidente da Rep\u00fablica, Michel Temer, encaminhou ao Senado o nome de Carolina de Assis Barros, servidora de carreira do Banco Central (BC), para ocupar o cargo de diretora de Administra\u00e7\u00e3o da autarquia. O despacho est\u00e1 publicado na edi\u00e7\u00e3o do Di\u00e1rio Oficial da Uni\u00e3o.<\/p>\n<p>Para ocupar o cargo, os diretores do BC passam por sabatina na Comiss\u00e3o de Assuntos Econ\u00f4micos do Senado e precisam ter o nome aprovado pelo plen\u00e1rio da casa legislativa.<\/p>\n<p>A \u00faltima vez que o BC teve uma mulher como diretora foi de janeiro de 2008 ao in\u00edcio de 2010, quando Celina Berardinelli foi diretora de Assuntos Internacionais.<\/p>\n<p>No \u00faltimo dia 22, o presidente do BC, Ilan Goldfajn, encaminhou a Temer a indica\u00e7\u00e3o para a diretoria. Carolina Barros, que j\u00e1 exerceu as fun\u00e7\u00f5es de secret\u00e1ria-executiva do Banco Central e chefe de gabinete da Diretoria de Administra\u00e7\u00e3o, ocupa desde 2012 o cargo de chefe do Departamento de Comunica\u00e7\u00e3o.<\/p>\n<p>O atual titular da \u00e1rea de Administra\u00e7\u00e3o, Maur\u00edcio Moura, assumir\u00e1 a Diretoria de Relacionamento Institucional e Cidadania.<\/p>\n<p>Segundo o Banco Central, a pedido, o diretor de Relacionamento Institucional e Cidadania, Isaac Sidney, deixar\u00e1 o cargo ap\u00f3s 10 anos no exerc\u00edcio de fun\u00e7\u00f5es na alta administra\u00e7\u00e3o do Banco Central, como procurador-geral (6 anos), secret\u00e1rio-executivo (2 anos) e chefe de gabinete do presidente (2 anos).<\/p>\n<p>De acordo com o BC, Isaac Sidney permanecer\u00e1 na fun\u00e7\u00e3o at\u00e9 a transmiss\u00e3o de cargo e depois cumprir\u00e1, conforme previs\u00e3o legal, per\u00edodo de \u201cquarentena\u201d de seis meses.<\/p>\n<hr \/>\n<p>&nbsp;Fonte: Ag\u00eancia Brasil<\/p>\n","protected":false},"excerpt":{"rendered":"<p>O presidente da Rep\u00fablica, Michel Temer, encaminhou ao Senado o nome de Carolina de Assis Barros, servidora de carreira do Banco Central (BC), para ocupar o cargo de diretora de Administra\u00e7\u00e3o da autarquia. O despacho est\u00e1 publicado na edi\u00e7\u00e3o do Di\u00e1rio Oficial da Uni\u00e3o. Para ocupar o cargo, os diretores do BC passam por sabatina [&hellip;]<\/p>\n","protected":false},"author":96,"featured_media":94967,"comment_status":"closed","ping_status":"closed","sticky":false,"template":"","format":"standard","meta":{"footnotes":""},"categories":[261],"tags":[],"class_list":["post-94968","post","type-post","status-publish","format-standard","has-post-thumbnail","hentry","category-economia"],"_links":{"self":[{"href":"https:\/\/diarioregionaldigital.com.br\/index.php?rest_route=\/wp\/v2\/posts\/94968","targetHints":{"allow":["GET"]}}],"collection":[{"href":"https:\/\/diarioregionaldigital.com.br\/index.php?rest_route=\/wp\/v2\/posts"}],"about":[{"href":"https:\/\/diarioregionaldigital.com.br\/index.php?rest_route=\/wp\/v2\/types\/post"}],"author":[{"embeddable":true,"href":"https:\/\/diarioregionaldigital.com.br\/index.php?rest_route=\/wp\/v2\/users\/96"}],"replies":[{"embeddable":true,"href":"https:\/\/diarioregionaldigital.com.br\/index.php?rest_route=%2Fwp%2Fv2%2Fcomments&post=94968"}],"version-history":[{"count":0,"href":"https:\/\/diarioregionaldigital.com.br\/index.php?rest_route=\/wp\/v2\/posts\/94968\/revisions"}],"wp:featuredmedia":[{"embeddable":true,"href":"https:\/\/diarioregionaldigital.com.br\/index.php?rest_route=\/wp\/v2\/media\/94967"}],"wp:attachment":[{"href":"https:\/\/diarioregionaldigital.com.br\/index.php?rest_route=%2Fwp%2Fv2%2Fmedia&parent=94968"}],"wp:term":[{"taxonomy":"category","embeddable":true,"href":"https:\/\/diarioregionaldigital.com.br\/index.php?rest_route=%2Fwp%2Fv2%2Fcategories&post=94968"},{"taxonomy":"post_tag","embeddable":true,"href":"https:\/\/diarioregionaldigital.com.br\/index.php?rest_route=%2Fwp%2Fv2%2Ftags&post=94968"}],"curies":[{"name":"wp","href":"https:\/\/api.w.org\/{rel}","templated":true}]}}