{"id":94966,"date":"2018-04-02T12:44:05","date_gmt":"2018-04-02T15:44:05","guid":{"rendered":"http:\/\/diarioregionaljf.com.br\/2018\/04\/02\/prf-registra-quase-tres-mil-infracoes-por-excesso-de-velocidade-no-feriado\/"},"modified":"2018-04-02T12:44:05","modified_gmt":"2018-04-02T15:44:05","slug":"prf-registra-quase-tres-mil-infracoes-por-excesso-de-velocidade-no-feriado","status":"publish","type":"post","link":"https:\/\/diarioregionaldigital.com.br\/?p=94966","title":{"rendered":"PRF registra quase tr\u00eas mil infra\u00e7\u00f5es por excesso de velocidade no feriado"},"content":{"rendered":"<p><strong>Atualiza\u00e7\u00e3o \u00e0s 18h30 &#8211; 02 de abril de 2018<\/strong><\/p>\n<p>Quase tr\u00eas mil autos de Infra\u00e7\u00e3o por excesso de velocidade foram registrados pela Pol\u00edcia Rodovi\u00e1ria Federal (PRF) durante a opera\u00e7\u00e3o \u201cSemana Santa\u201d, que teve in\u00edcio no dia 29 de mar\u00e7o e foi encerrada no domingo, 1\u00b0 de abril. S\u00e3o 429 infra\u00e7\u00f5es a menos no comparativo com o resultado do ano passado (3.275), apesar de ainda ser um n\u00famero considerado alto pela PRF.<\/p>\n<p>No per\u00edodo, foram registrados apenas quatro acidentes nos trechos da BR-267, entre Bicas e Juiz de Fora (do KM 60 ao 93) e entre Juiz de Fora e Bom Jardim de Minas (do KM 120 ao 213), al\u00e9m da BR-040 entre Ouro Preto e Juiz de Fora (do KM 592 ao 828). Nenhum dos casos resultou em morte, apenas em um deles houve v\u00edtimas com ferimentos leves.<\/p>\n<p>Durante os quatro dias de opera\u00e7\u00e3o, a PRF fiscalizou 628 ve\u00edculos e 655 pessoas, o que resultou na apreens\u00e3o de 12 autom\u00f3veis e no recolhimento de 18 documentos. Foram realizados ainda, 212 testes do baf\u00f4metro e outros 315 autos de infra\u00e7\u00e3o. As horas de opera\u00e7\u00e3o dos radares m\u00f3veis chegaram a 25.<\/p>\n<p>\u201cAlguns \u00edndices mostram queda com rela\u00e7\u00e3o a 2017, mas ainda s\u00e3o preocupantes. Em 2018, os radares funcionaram por mais tempo e registraram menos imagens. A opera\u00e7\u00e3o foi satisfat\u00f3ria, tendo em vista que n\u00e3o houve registro de nenhum acidente grave\u201d, afirma o chefe do N\u00facleo de Policiamento e Fiscaliza\u00e7\u00e3o da PRF, Leonardo Facio.<\/p>\n<h4>&nbsp;<\/h4>\n<h4>PMR TAMB\u00c9M REGISTRA QUEDA NOS N\u00daMEROS<\/h4>\n<p>O levantamento divulgado pela Pol\u00edcia Militar Rodovi\u00e1ria (PMR) aponta redu\u00e7\u00e3o de 8 acidentes em 2018 se comparado com o ano passado. Em 2017, a PMR registrou 18 ocorr\u00eancias, em que 19 pessoas ficaram feridas e duas morreram, enquanto que neste ano, foram 10 acidentes que deixaram 11 feridos e levaram uma pessoa a \u00f3bito. Tamb\u00e9m foram emitidos 386 autos de infra\u00e7\u00e3o. O n\u00famero de ve\u00edculos fiscalizados durante a opera\u00e7\u00e3o foi de 2.357, sendo que 136 foram apreendidos e 18 CNHs recolhidas.<\/p>\n<p>&nbsp;<\/p>\n<p><strong>Colabora\u00e7\u00e3o: Helena Amaral<\/strong><\/p>\n","protected":false},"excerpt":{"rendered":"<p>Atualiza\u00e7\u00e3o \u00e0s 18h30 &#8211; 02 de abril de 2018 Quase tr\u00eas mil autos de Infra\u00e7\u00e3o por excesso de velocidade foram registrados pela Pol\u00edcia Rodovi\u00e1ria Federal (PRF) durante a opera\u00e7\u00e3o \u201cSemana Santa\u201d, que teve in\u00edcio no dia 29 de mar\u00e7o e foi encerrada no domingo, 1\u00b0 de abril. S\u00e3o 429 infra\u00e7\u00f5es a menos no comparativo com [&hellip;]<\/p>\n","protected":false},"author":96,"featured_media":94965,"comment_status":"closed","ping_status":"closed","sticky":false,"template":"","format":"standard","meta":{"footnotes":""},"categories":[253],"tags":[],"class_list":["post-94966","post","type-post","status-publish","format-standard","has-post-thumbnail","hentry","category-cidade"],"_links":{"self":[{"href":"https:\/\/diarioregionaldigital.com.br\/index.php?rest_route=\/wp\/v2\/posts\/94966","targetHints":{"allow":["GET"]}}],"collection":[{"href":"https:\/\/diarioregionaldigital.com.br\/index.php?rest_route=\/wp\/v2\/posts"}],"about":[{"href":"https:\/\/diarioregionaldigital.com.br\/index.php?rest_route=\/wp\/v2\/types\/post"}],"author":[{"embeddable":true,"href":"https:\/\/diarioregionaldigital.com.br\/index.php?rest_route=\/wp\/v2\/users\/96"}],"replies":[{"embeddable":true,"href":"https:\/\/diarioregionaldigital.com.br\/index.php?rest_route=%2Fwp%2Fv2%2Fcomments&post=94966"}],"version-history":[{"count":0,"href":"https:\/\/diarioregionaldigital.com.br\/index.php?rest_route=\/wp\/v2\/posts\/94966\/revisions"}],"wp:featuredmedia":[{"embeddable":true,"href":"https:\/\/diarioregionaldigital.com.br\/index.php?rest_route=\/wp\/v2\/media\/94965"}],"wp:attachment":[{"href":"https:\/\/diarioregionaldigital.com.br\/index.php?rest_route=%2Fwp%2Fv2%2Fmedia&parent=94966"}],"wp:term":[{"taxonomy":"category","embeddable":true,"href":"https:\/\/diarioregionaldigital.com.br\/index.php?rest_route=%2Fwp%2Fv2%2Fcategories&post=94966"},{"taxonomy":"post_tag","embeddable":true,"href":"https:\/\/diarioregionaldigital.com.br\/index.php?rest_route=%2Fwp%2Fv2%2Ftags&post=94966"}],"curies":[{"name":"wp","href":"https:\/\/api.w.org\/{rel}","templated":true}]}}