{"id":94962,"date":"2018-04-02T12:33:56","date_gmt":"2018-04-02T15:33:56","guid":{"rendered":"http:\/\/diarioregionaljf.com.br\/2018\/04\/02\/incendio-atinge-creche-em-mirai\/"},"modified":"2018-04-02T12:33:56","modified_gmt":"2018-04-02T15:33:56","slug":"incendio-atinge-creche-em-mirai","status":"publish","type":"post","link":"https:\/\/diarioregionaldigital.com.br\/?p=94962","title":{"rendered":"Inc\u00eandio atinge creche em Mira\u00ed"},"content":{"rendered":"<p>Uma creche ficou parcialmente destru\u00edda por causa de um inc\u00eandio ocorrido na noite deste domingo, 1\u00ba, na regi\u00e3o Central da cidade de Mira\u00ed (cerca de 148km de Juiz de Fora). N\u00e3o havia ningu\u00e9m no local no momento do incidente.<\/p>\n<p>De acordo com informa\u00e7\u00f5es do site do jornalista Marcelo Lopes, de Cataguases, o inc\u00eandio na creche Maria Olinda de Barros come\u00e7ou por volta das 21h. O fogo atingiu uma \u00e1rea de recrea\u00e7\u00e3o onde ficam brinquedos e guarda roupa das crian\u00e7as.<\/p>\n<p>Policiais militares, juntamente com vizinhos, fizeram o combate \u00e0s chamas e conseguiram apagar o inc\u00eandio. Em seguida o Corpo de Bombeiros foi acionado para fazer o rescaldo.<\/p>\n<p>Ainda segundo o site de Cataguases, a entidade \u00e9 filantr\u00f3pica, mas recebe subven\u00e7\u00e3o da prefeitura local. Nesta segunda-feira, 2, o local n\u00e3o ir\u00e1 funcionar.<\/p>\n<p>As causas do inc\u00eandio ainda ser\u00e3o apuradas.<\/p>\n<p>Fonte : R\u00e1dio Muria\u00e9\/marcelolopes.jor.br<\/p>\n","protected":false},"excerpt":{"rendered":"<p>Uma creche ficou parcialmente destru\u00edda por causa de um inc\u00eandio ocorrido na noite deste domingo, 1\u00ba, na regi\u00e3o Central da cidade de Mira\u00ed (cerca de 148km de Juiz de Fora). N\u00e3o havia ningu\u00e9m no local no momento do incidente. De acordo com informa\u00e7\u00f5es do site do jornalista Marcelo Lopes, de Cataguases, o inc\u00eandio na creche [&hellip;]<\/p>\n","protected":false},"author":96,"featured_media":94961,"comment_status":"closed","ping_status":"closed","sticky":false,"template":"","format":"standard","meta":{"footnotes":""},"categories":[252],"tags":[],"class_list":["post-94962","post","type-post","status-publish","format-standard","has-post-thumbnail","hentry","category-regiao"],"_links":{"self":[{"href":"https:\/\/diarioregionaldigital.com.br\/index.php?rest_route=\/wp\/v2\/posts\/94962","targetHints":{"allow":["GET"]}}],"collection":[{"href":"https:\/\/diarioregionaldigital.com.br\/index.php?rest_route=\/wp\/v2\/posts"}],"about":[{"href":"https:\/\/diarioregionaldigital.com.br\/index.php?rest_route=\/wp\/v2\/types\/post"}],"author":[{"embeddable":true,"href":"https:\/\/diarioregionaldigital.com.br\/index.php?rest_route=\/wp\/v2\/users\/96"}],"replies":[{"embeddable":true,"href":"https:\/\/diarioregionaldigital.com.br\/index.php?rest_route=%2Fwp%2Fv2%2Fcomments&post=94962"}],"version-history":[{"count":0,"href":"https:\/\/diarioregionaldigital.com.br\/index.php?rest_route=\/wp\/v2\/posts\/94962\/revisions"}],"wp:featuredmedia":[{"embeddable":true,"href":"https:\/\/diarioregionaldigital.com.br\/index.php?rest_route=\/wp\/v2\/media\/94961"}],"wp:attachment":[{"href":"https:\/\/diarioregionaldigital.com.br\/index.php?rest_route=%2Fwp%2Fv2%2Fmedia&parent=94962"}],"wp:term":[{"taxonomy":"category","embeddable":true,"href":"https:\/\/diarioregionaldigital.com.br\/index.php?rest_route=%2Fwp%2Fv2%2Fcategories&post=94962"},{"taxonomy":"post_tag","embeddable":true,"href":"https:\/\/diarioregionaldigital.com.br\/index.php?rest_route=%2Fwp%2Fv2%2Ftags&post=94962"}],"curies":[{"name":"wp","href":"https:\/\/api.w.org\/{rel}","templated":true}]}}