{"id":94960,"date":"2018-04-02T11:55:48","date_gmt":"2018-04-02T14:55:48","guid":{"rendered":"http:\/\/diarioregionaljf.com.br\/2018\/04\/02\/dois-sao-presos-por-trafico-de-drogas-no-bairro-industrial\/"},"modified":"2018-04-02T11:55:48","modified_gmt":"2018-04-02T14:55:48","slug":"dois-sao-presos-por-trafico-de-drogas-no-bairro-industrial","status":"publish","type":"post","link":"https:\/\/diarioregionaldigital.com.br\/?p=94960","title":{"rendered":"Dois s\u00e3o presos por tr\u00e1fico de drogas no bairro Industrial"},"content":{"rendered":"<p>Um jovem de 21 anos e um homem de 25 foram detidos por tr\u00e1fico de drogas no bairro Distrito Industrial, zona Norte de cidade, na tarde desse domingo, 1\u00ba de abril.<\/p>\n<p>Conforme o Boletim de Ocorr\u00eancia (BO) da Pol\u00edcia Militar (PM), os autores estavam no interior de um ve\u00edculo abordado em uma rua do bairro. Durante buscas pessoais, foram encontrados com eles oito frascos de &#8220;cheirinho da lol\u00f3&#8221;. Na resid\u00eancia do jovem tamb\u00e9m foram encontrados recipientes vazios para armazenagem da mesma subst\u00e2ncia, al\u00e9m de uma balan\u00e7a de precis\u00e3o.<\/p>\n","protected":false},"excerpt":{"rendered":"<p>Um jovem de 21 anos e um homem de 25 foram detidos por tr\u00e1fico de drogas no bairro Distrito Industrial, zona Norte de cidade, na tarde desse domingo, 1\u00ba de abril. Conforme o Boletim de Ocorr\u00eancia (BO) da Pol\u00edcia Militar (PM), os autores estavam no interior de um ve\u00edculo abordado em uma rua do bairro. [&hellip;]<\/p>\n","protected":false},"author":96,"featured_media":94959,"comment_status":"closed","ping_status":"closed","sticky":false,"template":"","format":"standard","meta":{"footnotes":""},"categories":[301],"tags":[],"class_list":["post-94960","post","type-post","status-publish","format-standard","has-post-thumbnail","hentry","category-artigos-policiais"],"_links":{"self":[{"href":"https:\/\/diarioregionaldigital.com.br\/index.php?rest_route=\/wp\/v2\/posts\/94960","targetHints":{"allow":["GET"]}}],"collection":[{"href":"https:\/\/diarioregionaldigital.com.br\/index.php?rest_route=\/wp\/v2\/posts"}],"about":[{"href":"https:\/\/diarioregionaldigital.com.br\/index.php?rest_route=\/wp\/v2\/types\/post"}],"author":[{"embeddable":true,"href":"https:\/\/diarioregionaldigital.com.br\/index.php?rest_route=\/wp\/v2\/users\/96"}],"replies":[{"embeddable":true,"href":"https:\/\/diarioregionaldigital.com.br\/index.php?rest_route=%2Fwp%2Fv2%2Fcomments&post=94960"}],"version-history":[{"count":0,"href":"https:\/\/diarioregionaldigital.com.br\/index.php?rest_route=\/wp\/v2\/posts\/94960\/revisions"}],"wp:featuredmedia":[{"embeddable":true,"href":"https:\/\/diarioregionaldigital.com.br\/index.php?rest_route=\/wp\/v2\/media\/94959"}],"wp:attachment":[{"href":"https:\/\/diarioregionaldigital.com.br\/index.php?rest_route=%2Fwp%2Fv2%2Fmedia&parent=94960"}],"wp:term":[{"taxonomy":"category","embeddable":true,"href":"https:\/\/diarioregionaldigital.com.br\/index.php?rest_route=%2Fwp%2Fv2%2Fcategories&post=94960"},{"taxonomy":"post_tag","embeddable":true,"href":"https:\/\/diarioregionaldigital.com.br\/index.php?rest_route=%2Fwp%2Fv2%2Ftags&post=94960"}],"curies":[{"name":"wp","href":"https:\/\/api.w.org\/{rel}","templated":true}]}}