{"id":94956,"date":"2018-04-02T11:52:07","date_gmt":"2018-04-02T14:52:07","guid":{"rendered":"http:\/\/diarioregionaljf.com.br\/2018\/04\/02\/apos-reuniao-nome-de-novo-ministro-da-fazenda-permanece-indefinido\/"},"modified":"2018-04-02T11:52:07","modified_gmt":"2018-04-02T14:52:07","slug":"apos-reuniao-nome-de-novo-ministro-da-fazenda-permanece-indefinido","status":"publish","type":"post","link":"https:\/\/diarioregionaldigital.com.br\/?p=94956","title":{"rendered":"Ap\u00f3s reuni\u00e3o, nome de novo ministro da Fazenda permanece indefinido"},"content":{"rendered":"<p>O presidente Michel Temer ainda n\u00e3o tem definido quem ser\u00e1 o novo ministro da Fazenda diante da iminente sa\u00edda de Henrique Meirelles, que tem perspectivas eleitorais.<\/p>\n<p>&#8220;Existem ainda conversas a serem desenvolvidas para que o presidente tome a decis\u00e3o&#8221;, disse o ministro da Secretaria de Governo, Carlos Marun, ap\u00f3s se reunir com Temer nesse domingo, 1\u00ba, no Pal\u00e1cio do Jaburu, em Bras\u00edlia.<\/p>\n<p>Marun elogiou o nome mais cotado at\u00e9 o momento para assumir a Fazenda, o secret\u00e1rio-executivo da pasta, Eduardo Guardia, e negou que haja disputa em torno do nome do novo ministro, que, segundo ele, deve ser algum integrante da atual equipe de Meirelles. Ele afirmou, no entanto, que o novo ministro &#8220;deve ter um tr\u00e2nsito pol\u00edtico&#8221;.<\/p>\n<p>&#8220;N\u00e3o h\u00e1 impasse, o que h\u00e1 s\u00e3o tratativas. Como o Meirelles n\u00e3o saiu ainda, em tese ele est\u00e1 conversando e n\u00e3o esgotou os caminhos que pode propor&#8221;, disse o senador Romero Juc\u00e1 (MDB-RO), l\u00edder do governo no Senado, que tamb\u00e9m participou da reuni\u00e3o de hoje no Pal\u00e1cio do Jaburu.<\/p>\n<h4>CARGO \u00c9 POL\u00cdTICO, MAS TEM QUE TER BAGAGEM T\u00c9CNICA, DIZ SENADOR<\/h4>\n<p>O parlamentar afirmou ainda que &#8220;o cargo de ministro \u00e9 um cargo pol\u00edtico, claro que tem que ter bagagem t\u00e9cnica, mas o foco do presidente \u00e9 ter vis\u00e3o pol\u00edtica e vis\u00e3o t\u00e9cnica&#8221;. Ele e Marun negaram que uma poss\u00edvel terceira den\u00fancia contra Temer tenha entrado no c\u00e1lculo sobre a reforma ministerial.<\/p>\n<p>Enquanto acontecia a reuni\u00e3o no Jaburu, o Pal\u00e1cio do Planalto confirmou a sa\u00edda de Dyogo Oliveira do Minist\u00e9rio do Planejamento para assumir a presid\u00eancia do BNDES \u2013 Banco Nacional de Desenvolvimento Econ\u00f4mico e Social.<\/p>\n<p>Em seu lugar, ficar\u00e1 o atual secret\u00e1rio-executivo do Minist\u00e9rio do Planejamento, Esteves Colnago. O governo confirmou que espera ainda realizar a troca de outros 11 ministros at\u00e9 o dia 7 de abril, s\u00e1bado pr\u00f3ximo, prazo final para a sa\u00edda de quem deseja disputar as elei\u00e7\u00f5es.<\/p>\n<p>Oliveira e Colnago tamb\u00e9m compareceram ao Jaburu neste domingo. Tamb\u00e9m participaram do encontro os ministros Eliseu Padilha (Casa Civil) e Moreira Franco (Secretaria Especial da Presid\u00eancia) e o deputado Darcisio Perondi (MDB-RS).<\/p>\n<p>Fonte: Ag\u00eancia Brasil<\/p>\n","protected":false},"excerpt":{"rendered":"<p>O presidente Michel Temer ainda n\u00e3o tem definido quem ser\u00e1 o novo ministro da Fazenda diante da iminente sa\u00edda de Henrique Meirelles, que tem perspectivas eleitorais. &#8220;Existem ainda conversas a serem desenvolvidas para que o presidente tome a decis\u00e3o&#8221;, disse o ministro da Secretaria de Governo, Carlos Marun, ap\u00f3s se reunir com Temer nesse domingo, [&hellip;]<\/p>\n","protected":false},"author":96,"featured_media":94955,"comment_status":"closed","ping_status":"closed","sticky":false,"template":"","format":"standard","meta":{"footnotes":""},"categories":[254],"tags":[],"class_list":["post-94956","post","type-post","status-publish","format-standard","has-post-thumbnail","hentry","category-politica"],"_links":{"self":[{"href":"https:\/\/diarioregionaldigital.com.br\/index.php?rest_route=\/wp\/v2\/posts\/94956","targetHints":{"allow":["GET"]}}],"collection":[{"href":"https:\/\/diarioregionaldigital.com.br\/index.php?rest_route=\/wp\/v2\/posts"}],"about":[{"href":"https:\/\/diarioregionaldigital.com.br\/index.php?rest_route=\/wp\/v2\/types\/post"}],"author":[{"embeddable":true,"href":"https:\/\/diarioregionaldigital.com.br\/index.php?rest_route=\/wp\/v2\/users\/96"}],"replies":[{"embeddable":true,"href":"https:\/\/diarioregionaldigital.com.br\/index.php?rest_route=%2Fwp%2Fv2%2Fcomments&post=94956"}],"version-history":[{"count":0,"href":"https:\/\/diarioregionaldigital.com.br\/index.php?rest_route=\/wp\/v2\/posts\/94956\/revisions"}],"wp:featuredmedia":[{"embeddable":true,"href":"https:\/\/diarioregionaldigital.com.br\/index.php?rest_route=\/wp\/v2\/media\/94955"}],"wp:attachment":[{"href":"https:\/\/diarioregionaldigital.com.br\/index.php?rest_route=%2Fwp%2Fv2%2Fmedia&parent=94956"}],"wp:term":[{"taxonomy":"category","embeddable":true,"href":"https:\/\/diarioregionaldigital.com.br\/index.php?rest_route=%2Fwp%2Fv2%2Fcategories&post=94956"},{"taxonomy":"post_tag","embeddable":true,"href":"https:\/\/diarioregionaldigital.com.br\/index.php?rest_route=%2Fwp%2Fv2%2Ftags&post=94956"}],"curies":[{"name":"wp","href":"https:\/\/api.w.org\/{rel}","templated":true}]}}