{"id":94954,"date":"2018-04-02T11:35:56","date_gmt":"2018-04-02T14:35:56","guid":{"rendered":"http:\/\/diarioregionaljf.com.br\/2018\/04\/02\/dupla-e-detida-apos-assaltar-onibus-no-bairro-vila-olavo-costa\/"},"modified":"2018-04-02T11:35:56","modified_gmt":"2018-04-02T14:35:56","slug":"dupla-e-detida-apos-assaltar-onibus-no-bairro-vila-olavo-costa","status":"publish","type":"post","link":"https:\/\/diarioregionaldigital.com.br\/?p=94954","title":{"rendered":"Dupla \u00e9 detida ap\u00f3s assaltar \u00f4nibus no bairro Vila Olavo Costa"},"content":{"rendered":"<p>Um adolescente de 14 anos e um jovem de 18 foram detidos pela Pol\u00edcia Militar (PM) ap\u00f3s assaltarem um \u00f4nibus do transporte coletivo no bairro Vila Olavo Costa, regi\u00e3o Sudeste, na noite desse domingo, 1\u00ba de abril.<\/p>\n<p>Conforme informa\u00e7\u00f5es do registro da ocorr\u00eancia, o motorista e o cobrador relataram que a dupla invadiu o \u00f4nibus e um dos autores, de posse de um fac\u00e3o, roubou toda a quantia que estava no caixa. O valor levado n\u00e3o foi informado.<\/p>\n<p>Ap\u00f3s rastreamento, os militares apreenderam os autores, mas o dinheiro roubado e a arma usada no crime n\u00e3o foram localizados.<\/p>\n","protected":false},"excerpt":{"rendered":"<p>Um adolescente de 14 anos e um jovem de 18 foram detidos pela Pol\u00edcia Militar (PM) ap\u00f3s assaltarem um \u00f4nibus do transporte coletivo no bairro Vila Olavo Costa, regi\u00e3o Sudeste, na noite desse domingo, 1\u00ba de abril. Conforme informa\u00e7\u00f5es do registro da ocorr\u00eancia, o motorista e o cobrador relataram que a dupla invadiu o \u00f4nibus [&hellip;]<\/p>\n","protected":false},"author":96,"featured_media":94953,"comment_status":"closed","ping_status":"closed","sticky":false,"template":"","format":"standard","meta":{"footnotes":""},"categories":[301],"tags":[],"class_list":["post-94954","post","type-post","status-publish","format-standard","has-post-thumbnail","hentry","category-artigos-policiais"],"_links":{"self":[{"href":"https:\/\/diarioregionaldigital.com.br\/index.php?rest_route=\/wp\/v2\/posts\/94954","targetHints":{"allow":["GET"]}}],"collection":[{"href":"https:\/\/diarioregionaldigital.com.br\/index.php?rest_route=\/wp\/v2\/posts"}],"about":[{"href":"https:\/\/diarioregionaldigital.com.br\/index.php?rest_route=\/wp\/v2\/types\/post"}],"author":[{"embeddable":true,"href":"https:\/\/diarioregionaldigital.com.br\/index.php?rest_route=\/wp\/v2\/users\/96"}],"replies":[{"embeddable":true,"href":"https:\/\/diarioregionaldigital.com.br\/index.php?rest_route=%2Fwp%2Fv2%2Fcomments&post=94954"}],"version-history":[{"count":0,"href":"https:\/\/diarioregionaldigital.com.br\/index.php?rest_route=\/wp\/v2\/posts\/94954\/revisions"}],"wp:featuredmedia":[{"embeddable":true,"href":"https:\/\/diarioregionaldigital.com.br\/index.php?rest_route=\/wp\/v2\/media\/94953"}],"wp:attachment":[{"href":"https:\/\/diarioregionaldigital.com.br\/index.php?rest_route=%2Fwp%2Fv2%2Fmedia&parent=94954"}],"wp:term":[{"taxonomy":"category","embeddable":true,"href":"https:\/\/diarioregionaldigital.com.br\/index.php?rest_route=%2Fwp%2Fv2%2Fcategories&post=94954"},{"taxonomy":"post_tag","embeddable":true,"href":"https:\/\/diarioregionaldigital.com.br\/index.php?rest_route=%2Fwp%2Fv2%2Ftags&post=94954"}],"curies":[{"name":"wp","href":"https:\/\/api.w.org\/{rel}","templated":true}]}}