{"id":94952,"date":"2018-04-02T11:15:27","date_gmt":"2018-04-02T14:15:27","guid":{"rendered":"http:\/\/diarioregionaljf.com.br\/2018\/04\/02\/stf-julga-nesta-semana-habeas-corpus-preventivo-de-lula\/"},"modified":"2018-04-02T11:15:27","modified_gmt":"2018-04-02T14:15:27","slug":"stf-julga-nesta-semana-habeas-corpus-preventivo-de-lula","status":"publish","type":"post","link":"https:\/\/diarioregionaldigital.com.br\/?p=94952","title":{"rendered":"STF julga nesta semana habeas corpus preventivo de Lula"},"content":{"rendered":"<p>O plen\u00e1rio do Supremo Tribunal Federal (STF) deve julgar na quarta-feira, 4, o habeas corpus preventivo com o qual o ex-presidente Luiz In\u00e1cio Lula da Silva quer evitar sua pris\u00e3o ap\u00f3s condena\u00e7\u00e3o pela segunda inst\u00e2ncia da Justi\u00e7a Federal no caso do tr\u00edplex do Guaruj\u00e1 (SP).<\/p>\n<p>Os 11 ministros que comp\u00f5em a Corte devem agora entrar no m\u00e9rito do pedido de liberdade de Lula, que n\u00e3o foi abordado no julgamento iniciado em 22 de mar\u00e7o, quando o ex-presidente ainda tinha um recurso pendente de julgamento no Tribunal Regional Federal da 4\u00aa Regi\u00e3o (TRF4), com sede em Porto Alegre.<\/p>\n<p>As cinco horas da sess\u00e3o plen\u00e1ria daquele primeiro dia de julgamento foram dedicadas somente \u00e0 discuss\u00e3o sobre o cabimento ou n\u00e3o do habeas corpus de Lula, que acabou sendo aceito por sete votos a quatro. Na ocasi\u00e3o, foi concedida, por seis votos a cinco, uma liminar ao ex-presidente para garantir sua liberdade at\u00e9 a an\u00e1lise final do habeas corpus, no dia 4 de abril.<\/p>\n<p>&nbsp;<\/p>\n<h4>DISCUSS\u00c3O DE M\u00c9RITO<\/h4>\n<p>Ao entrar no m\u00e9rito, a quest\u00e3o de fundo a ser discutida pelo plen\u00e1rio do Supremo ser\u00e1 a possibilidade de execu\u00e7\u00e3o provis\u00f3ria de pena por condenado em segunda inst\u00e2ncia, mesmo que ainda existam recursos contra a condena\u00e7\u00e3o pendentes de an\u00e1lise em tribunais superiores, como o Superior Tribunal de Justi\u00e7a (STJ) ou o pr\u00f3prio STF.<\/p>\n<p>As expectativas estar\u00e3o voltadas em grande medida para a ministra Rosa Weber, que \u00e9 contra a execu\u00e7\u00e3o provis\u00f3ria de pena, mas que por outro lado tem respeitado, ao longo dos \u00faltimos dois anos, o entendimento que prevalece at\u00e9 o momento no STF, de permitir a pris\u00e3o de condenados mesmo que ainda caibam recursos a inst\u00e2ncias superiores.<\/p>\n<p>O voto de Rosa Weber pode ser decisivo diante do impasse que o tema vive hoje na Corte. Cinco ministros defendem e aplicam monocraticamente a tese de que condenados em segunda inst\u00e2ncia s\u00f3 devem come\u00e7ar a cumprir pena ap\u00f3s o tr\u00e2nsito em julgado, quando se encerram todos os recursos poss\u00edveis. S\u00e3o eles Ricardo Lewandowski, Dias Toffoli, Marco Aur\u00e9lio Mello, Gilmar Mendes e o decano, Celso de Mello.<\/p>\n<p>Os outros cinco ministros &#8211; Lu\u00eds Roberto Barroso, Edson Fachin, C\u00e1rmen L\u00facia, Alexandre de Moraes e Luiz Fux &#8211; t\u00eam at\u00e9 agora se posicionado a favor de que o condenado possa ser preso quando se esgotam as apela\u00e7\u00f5es em segunda inst\u00e2ncia. A expectativa \u00e9 de que mantenham a posi\u00e7\u00e3o e votem contra o habeas corpus preventivo de Lula.<\/p>\n<p>Tamb\u00e9m pode ser decisiva para Lula a presen\u00e7a ou n\u00e3o de Gilmar Mendes no julgamento. O ministro votou favoravelmente ao ex-presidente na aceita\u00e7\u00e3o do habeas corpus, no dia 22, mas por uma quest\u00e3o de agenda pode n\u00e3o estar presente na aprecia\u00e7\u00e3o do m\u00e9rito do pedido de liberdade.<\/p>\n<p>&nbsp;<\/p>\n<h4>RECURSO NEGADO<\/h4>\n<p>Ap\u00f3s receber o salvo-conduto do STF, Lula teve seu \u00faltimo recurso na segunda inst\u00e2ncia, um embargo de declara\u00e7\u00e3o, negado pelo TRF4. Com isso, o julgamento do habeas corpus no STF tornou-se a \u00faltima chance para que o ex-presidente consiga garantir o direito de continuar recorrendo em liberdade \u00e0s inst\u00e2ncias superiores contra sua condena\u00e7\u00e3o por corrup\u00e7\u00e3o e lavagem de dinheiro, determinada em junho do ano passado pelo juiz S\u00e9rgio Moro e confirmada em janeiro deste ano pelo TRF4.<\/p>\n<p>Na semana passada, a defesa do ex-presidente disse que pretende protocolar mais um embargo de declara\u00e7\u00e3o no TRF4, contra a rejei\u00e7\u00e3o do primeiro embargo de declara\u00e7\u00e3o &#8211; tipo de recurso que prev\u00ea esclarecimentos de uma decis\u00e3o, mas n\u00e3o mudan\u00e7a de senten\u00e7a judicial. O TRF4 tem negado rapidamente esse tipo de recurso sucessivo, por ser considerado protelat\u00f3rio.<\/p>\n<p>A possibilidade de expedi\u00e7\u00e3o de mandado de pris\u00e3o por Moro dependeria, ent\u00e3o, do encerramento do tr\u00e2mite do processo no TRF4 e de negativa do STF ao pedido de habeas corpus preventivo no julgamento desta quarta, 4.<\/p>\n<p>&nbsp;<\/p>\n<p>Fonte: Ag\u00eancia Brasil<\/p>\n","protected":false},"excerpt":{"rendered":"<p>O plen\u00e1rio do Supremo Tribunal Federal (STF) deve julgar na quarta-feira, 4, o habeas corpus preventivo com o qual o ex-presidente Luiz In\u00e1cio Lula da Silva quer evitar sua pris\u00e3o ap\u00f3s condena\u00e7\u00e3o pela segunda inst\u00e2ncia da Justi\u00e7a Federal no caso do tr\u00edplex do Guaruj\u00e1 (SP). Os 11 ministros que comp\u00f5em a Corte devem agora entrar [&hellip;]<\/p>\n","protected":false},"author":96,"featured_media":94951,"comment_status":"closed","ping_status":"closed","sticky":false,"template":"","format":"standard","meta":{"footnotes":""},"categories":[254],"tags":[],"class_list":["post-94952","post","type-post","status-publish","format-standard","has-post-thumbnail","hentry","category-politica"],"_links":{"self":[{"href":"https:\/\/diarioregionaldigital.com.br\/index.php?rest_route=\/wp\/v2\/posts\/94952","targetHints":{"allow":["GET"]}}],"collection":[{"href":"https:\/\/diarioregionaldigital.com.br\/index.php?rest_route=\/wp\/v2\/posts"}],"about":[{"href":"https:\/\/diarioregionaldigital.com.br\/index.php?rest_route=\/wp\/v2\/types\/post"}],"author":[{"embeddable":true,"href":"https:\/\/diarioregionaldigital.com.br\/index.php?rest_route=\/wp\/v2\/users\/96"}],"replies":[{"embeddable":true,"href":"https:\/\/diarioregionaldigital.com.br\/index.php?rest_route=%2Fwp%2Fv2%2Fcomments&post=94952"}],"version-history":[{"count":0,"href":"https:\/\/diarioregionaldigital.com.br\/index.php?rest_route=\/wp\/v2\/posts\/94952\/revisions"}],"wp:featuredmedia":[{"embeddable":true,"href":"https:\/\/diarioregionaldigital.com.br\/index.php?rest_route=\/wp\/v2\/media\/94951"}],"wp:attachment":[{"href":"https:\/\/diarioregionaldigital.com.br\/index.php?rest_route=%2Fwp%2Fv2%2Fmedia&parent=94952"}],"wp:term":[{"taxonomy":"category","embeddable":true,"href":"https:\/\/diarioregionaldigital.com.br\/index.php?rest_route=%2Fwp%2Fv2%2Fcategories&post=94952"},{"taxonomy":"post_tag","embeddable":true,"href":"https:\/\/diarioregionaldigital.com.br\/index.php?rest_route=%2Fwp%2Fv2%2Ftags&post=94952"}],"curies":[{"name":"wp","href":"https:\/\/api.w.org\/{rel}","templated":true}]}}