{"id":94950,"date":"2018-04-02T11:04:34","date_gmt":"2018-04-02T14:04:34","guid":{"rendered":"http:\/\/diarioregionaljf.com.br\/2018\/04\/02\/jovem-sem-habilitacao-sofre-acidente-com-carro-da-patroa-na-zona-sudeste\/"},"modified":"2018-04-02T11:04:34","modified_gmt":"2018-04-02T14:04:34","slug":"jovem-sem-habilitacao-sofre-acidente-com-carro-da-patroa-na-zona-sudeste","status":"publish","type":"post","link":"https:\/\/diarioregionaldigital.com.br\/?p=94950","title":{"rendered":"Jovem sem habilita\u00e7\u00e3o sofre acidente com carro da patroa na zona Sudeste"},"content":{"rendered":"<p>ATUALIZADA \u00c1S 08H45, EM 02\/04\/2018<\/p>\n<p>Uma jovem de 20 anos sofreu um acidente de carro no bairro Vila da Prata, zona Sudeste de Juiz de Fora, na tarde desse domingo, 1\u00ba de abril. A condutora relatou \u00e0 Pol\u00edcia Militar (PM) que n\u00e3o possui habilita\u00e7\u00e3o e que o ve\u00edculo pertence \u00e0 sua patroa. A mesma estaria viajando e n\u00e3o teria autorizado o uso do autom\u00f3vel.<\/p>\n<p>Ainda conforme relato da jovem, ela seguia pela Rua Augusto Viriato Campos quando, ao efetuar uma manobra com o ve\u00edculo, o freio falhou, vindo a cair sobre uma resid\u00eancia que fica abaixo do n\u00edvel da rua. N\u00e3o houve dano ao im\u00f3vel e, at\u00e9 o fechamento da ocorr\u00eancia, o ve\u00edculo n\u00e3o havia sido retirado do local.<\/p>\n<p>A condutora foi detida e conduzida \u00e0 delegacia.<\/p>\n","protected":false},"excerpt":{"rendered":"<p>ATUALIZADA \u00c1S 08H45, EM 02\/04\/2018 Uma jovem de 20 anos sofreu um acidente de carro no bairro Vila da Prata, zona Sudeste de Juiz de Fora, na tarde desse domingo, 1\u00ba de abril. A condutora relatou \u00e0 Pol\u00edcia Militar (PM) que n\u00e3o possui habilita\u00e7\u00e3o e que o ve\u00edculo pertence \u00e0 sua patroa. A mesma estaria [&hellip;]<\/p>\n","protected":false},"author":96,"featured_media":94949,"comment_status":"closed","ping_status":"closed","sticky":false,"template":"","format":"standard","meta":{"footnotes":""},"categories":[301],"tags":[],"class_list":["post-94950","post","type-post","status-publish","format-standard","has-post-thumbnail","hentry","category-artigos-policiais"],"_links":{"self":[{"href":"https:\/\/diarioregionaldigital.com.br\/index.php?rest_route=\/wp\/v2\/posts\/94950","targetHints":{"allow":["GET"]}}],"collection":[{"href":"https:\/\/diarioregionaldigital.com.br\/index.php?rest_route=\/wp\/v2\/posts"}],"about":[{"href":"https:\/\/diarioregionaldigital.com.br\/index.php?rest_route=\/wp\/v2\/types\/post"}],"author":[{"embeddable":true,"href":"https:\/\/diarioregionaldigital.com.br\/index.php?rest_route=\/wp\/v2\/users\/96"}],"replies":[{"embeddable":true,"href":"https:\/\/diarioregionaldigital.com.br\/index.php?rest_route=%2Fwp%2Fv2%2Fcomments&post=94950"}],"version-history":[{"count":0,"href":"https:\/\/diarioregionaldigital.com.br\/index.php?rest_route=\/wp\/v2\/posts\/94950\/revisions"}],"wp:featuredmedia":[{"embeddable":true,"href":"https:\/\/diarioregionaldigital.com.br\/index.php?rest_route=\/wp\/v2\/media\/94949"}],"wp:attachment":[{"href":"https:\/\/diarioregionaldigital.com.br\/index.php?rest_route=%2Fwp%2Fv2%2Fmedia&parent=94950"}],"wp:term":[{"taxonomy":"category","embeddable":true,"href":"https:\/\/diarioregionaldigital.com.br\/index.php?rest_route=%2Fwp%2Fv2%2Fcategories&post=94950"},{"taxonomy":"post_tag","embeddable":true,"href":"https:\/\/diarioregionaldigital.com.br\/index.php?rest_route=%2Fwp%2Fv2%2Ftags&post=94950"}],"curies":[{"name":"wp","href":"https:\/\/api.w.org\/{rel}","templated":true}]}}