{"id":94946,"date":"2018-04-02T03:37:36","date_gmt":"2018-04-02T06:37:36","guid":{"rendered":"http:\/\/diarioregionaljf.com.br\/2018\/04\/02\/selecao-feminina-ja-esta-no-chile-para-disputar-a-copa-america\/"},"modified":"2018-04-02T03:37:36","modified_gmt":"2018-04-02T06:37:36","slug":"selecao-feminina-ja-esta-no-chile-para-disputar-a-copa-america","status":"publish","type":"post","link":"https:\/\/diarioregionaldigital.com.br\/?p=94946","title":{"rendered":"Sele\u00e7\u00e3o Feminina j\u00e1 est\u00e1 no Chile para disputar a Copa Am\u00e9rica"},"content":{"rendered":"<p>A Sele\u00e7\u00e3o Brasileira Feminina desembarcou, neste domingo, 1, em La Serena, no Chile, onde ficar\u00e1 concentrada para a disputa da Copa Am\u00e9rica. O Brasil vai em busca de seu s\u00e9timo t\u00edtulo sul-americano.<\/p>\n<p>A competi\u00e7\u00e3o se inicia na pr\u00f3xima quarta-feira, 4, com jogos do grupo A, liderado pelo Chile, anfitri\u00e3o do torneio. A estreia da equipe comandada pelo t\u00e9cnico Vad\u00e3o ser\u00e1 na quinta-feira, 5, contra a Argentina, \u00e0s 19h.<\/p>\n<p>A Copa Am\u00e9rica garante duas vagas na Copa do Mundo da Fran\u00e7a, em 2019,&nbsp;\u2013 o terceiro lugar disputar\u00e1 a repescagem com a Concacaf \u2013 duas vagas nos Jogos Ol\u00edmpicos de T\u00f3quio, em 2020, e quatro vagas nos Jogos Pan-Americanos de Lima, em 2019.<\/p>\n<p><strong>Confira o calend\u00e1rio da Sele\u00e7\u00e3o Brasileira na Primeira Fase:<\/strong><\/p>\n<p><strong>5 de abril<br \/> <\/strong>Brasil x Argentina &#8211; Est\u00e1dio Coquimbo<\/p>\n<p><strong>7 de abril<\/strong><br \/> Brasil x Equador &#8211; Est\u00e1dio Coquimbo<\/p>\n<p><strong>11 de abril<\/strong><br \/> Brasil x Venezuela &#8211; Est\u00e1dio Coquimbo<\/p>\n<p><strong>13 de abril<br \/> <\/strong>Brasil x Bol\u00edvia &#8211; Est\u00e1dio Coquimbo<\/p>\n<p><strong>Lista final das convocadas:<\/strong><\/p>\n<p>Goleiras:&nbsp; B\u00e1rbara (Kindermann), Aline (CBF), Let\u00edcia Izidoro (Corinthians)&nbsp;<br \/> Laterais:&nbsp;Rilany (Grindavik &#8211; Isl\u00e2ndia), Poliana (Orlando Pride &#8211; EUA), Tamires (Fortuna Hjorring &#8211; Dinamarca)<br \/> Zagueiras:&nbsp;M\u00f4nica (Orlando Pride &#8211; EUA), Rafaelle (Changchun FC &#8211; China), Erika (Paris Saint-Germain &#8211; Fran\u00e7a), Daiane (Avaldsnes &#8211; Noruega)&nbsp;<br \/> Meias:&nbsp;Andressinha (Portland Thorns FC &#8211; EUA), Formiga (Paris Saint-Germain &#8211; Fran\u00e7a), Andressa Alves (Barcelona &#8211; Espanha), Thaisa (Sky Blue &#8211; EUA), Aline Milene (Baylor University &#8211; EUA)&nbsp;<br \/> Atacantes:&nbsp;Millene Karine (Corinthians), Raquel (Ferrovi\u00e1ria), Tha\u00eds (Hyundai Steel Red Angels WFC &#8211; Coreia do Sul), Bia Zaneratto (Hyundai Steel Red Angels WFC &#8211; Coreia do Sul), Marta (Orlando Pride &#8211; EUA), Cristiane (Changchun FC &#8211; China), D\u00e9bora (North Carolina Courage &#8211; EUA)<\/p>\n","protected":false},"excerpt":{"rendered":"<p>A Sele\u00e7\u00e3o Brasileira Feminina desembarcou, neste domingo, 1, em La Serena, no Chile, onde ficar\u00e1 concentrada para a disputa da Copa Am\u00e9rica. O Brasil vai em busca de seu s\u00e9timo t\u00edtulo sul-americano. A competi\u00e7\u00e3o se inicia na pr\u00f3xima quarta-feira, 4, com jogos do grupo A, liderado pelo Chile, anfitri\u00e3o do torneio. A estreia da equipe [&hellip;]<\/p>\n","protected":false},"author":96,"featured_media":94945,"comment_status":"closed","ping_status":"closed","sticky":false,"template":"","format":"standard","meta":{"footnotes":""},"categories":[257],"tags":[],"class_list":["post-94946","post","type-post","status-publish","format-standard","has-post-thumbnail","hentry","category-esporte"],"_links":{"self":[{"href":"https:\/\/diarioregionaldigital.com.br\/index.php?rest_route=\/wp\/v2\/posts\/94946","targetHints":{"allow":["GET"]}}],"collection":[{"href":"https:\/\/diarioregionaldigital.com.br\/index.php?rest_route=\/wp\/v2\/posts"}],"about":[{"href":"https:\/\/diarioregionaldigital.com.br\/index.php?rest_route=\/wp\/v2\/types\/post"}],"author":[{"embeddable":true,"href":"https:\/\/diarioregionaldigital.com.br\/index.php?rest_route=\/wp\/v2\/users\/96"}],"replies":[{"embeddable":true,"href":"https:\/\/diarioregionaldigital.com.br\/index.php?rest_route=%2Fwp%2Fv2%2Fcomments&post=94946"}],"version-history":[{"count":0,"href":"https:\/\/diarioregionaldigital.com.br\/index.php?rest_route=\/wp\/v2\/posts\/94946\/revisions"}],"wp:featuredmedia":[{"embeddable":true,"href":"https:\/\/diarioregionaldigital.com.br\/index.php?rest_route=\/wp\/v2\/media\/94945"}],"wp:attachment":[{"href":"https:\/\/diarioregionaldigital.com.br\/index.php?rest_route=%2Fwp%2Fv2%2Fmedia&parent=94946"}],"wp:term":[{"taxonomy":"category","embeddable":true,"href":"https:\/\/diarioregionaldigital.com.br\/index.php?rest_route=%2Fwp%2Fv2%2Fcategories&post=94946"},{"taxonomy":"post_tag","embeddable":true,"href":"https:\/\/diarioregionaldigital.com.br\/index.php?rest_route=%2Fwp%2Fv2%2Ftags&post=94946"}],"curies":[{"name":"wp","href":"https:\/\/api.w.org\/{rel}","templated":true}]}}