{"id":94944,"date":"2018-04-02T03:35:36","date_gmt":"2018-04-02T06:35:36","guid":{"rendered":"http:\/\/diarioregionaljf.com.br\/2018\/04\/02\/natal-joinville-e-manaus-sediarao-os-jogos-escolares-da-juventude-2018-em-novo-formato\/"},"modified":"2018-04-02T03:35:36","modified_gmt":"2018-04-02T06:35:36","slug":"natal-joinville-e-manaus-sediarao-os-jogos-escolares-da-juventude-2018-em-novo-formato","status":"publish","type":"post","link":"https:\/\/diarioregionaldigital.com.br\/?p=94944","title":{"rendered":"Natal, Joinville e Manaus sediar\u00e3o os Jogos Escolares Da Juventude 2018 em novo formato."},"content":{"rendered":"<p>Os Jogos Escolares da Juventude ser\u00e3o disputados em novo formato em 2018. Ap\u00f3s as visitas de inspe\u00e7\u00e3o nas cidades candidatas, o Comit\u00ea Ol\u00edmpico do Brasil (COB) definiu que as etapas regionais, destinadas a classificar as modalidades coletivas, ser\u00e3o realizadas nas cidades de Natal (RN), Manaus (AM) e Joinville (SC). E definiu tamb\u00e9m que Natal sediar\u00e1 a etapa nacional, reunindo mais de seis mil atletas das categorias 12 a 14 e 15 a 17 anos. De acordo com o COB, o novo formato gerar\u00e1 uma redu\u00e7\u00e3o or\u00e7ament\u00e1ria de aproximadamente 30% em rela\u00e7\u00e3o aos anos anteriores.&nbsp;<\/p>\n<p>A fase nacional em Natal ser\u00e1 disputada entre 12 e 25 de novembro e ter\u00e1 14 modalidades: atletismo, badminton, basquete, ciclismo, futsal, gin\u00e1stica r\u00edtmica, handebol, jud\u00f4, nata\u00e7\u00e3o, t\u00eanis de mesa, v\u00f4lei, v\u00f4lei de praia (apenas na categoria 15 a 17 anos), xadrez e wrestling.<\/p>\n<p>As etapas regionais ser\u00e3o disputadas por cerca de 1.100 atletas. Nelas ser\u00e3o definidos os classificados do basquete, futsal, handebol e v\u00f4lei para a fase nacional de Natal, nas duas categorias et\u00e1rias. A primeira ser\u00e1 realizada na capital do Rio Grande do Norte, de 12 a 16 de setembro. Manaus (AM) receber\u00e1 pela primeira vez uma etapa da maior competi\u00e7\u00e3o escolar do pa\u00eds, entre 19 e 23 de setembro. J\u00e1 Joinville (SC) ser\u00e1 a sede da terceira fase regional entre 26 e 30 de setembro.<\/p>\n<p>Para definir as sedes do evento, o COB realizou diversas visitas de inspe\u00e7\u00e3o \u00e0s 16 cidades candidatas. Tr\u00eas quesitos foram avaliados para a escolha da cidade-sede da etapa nacional: determina\u00e7\u00e3o da cidade para realizar o evento, rede hoteleira compat\u00edvel e locais adequados para a competi\u00e7\u00f5es. A regionaliza\u00e7\u00e3o por etapas permite que cidades com infraestrutura menor tamb\u00e9m possam sediar o evento.<\/p>\n","protected":false},"excerpt":{"rendered":"<p>Os Jogos Escolares da Juventude ser\u00e3o disputados em novo formato em 2018. Ap\u00f3s as visitas de inspe\u00e7\u00e3o nas cidades candidatas, o Comit\u00ea Ol\u00edmpico do Brasil (COB) definiu que as etapas regionais, destinadas a classificar as modalidades coletivas, ser\u00e3o realizadas nas cidades de Natal (RN), Manaus (AM) e Joinville (SC). E definiu tamb\u00e9m que Natal sediar\u00e1 [&hellip;]<\/p>\n","protected":false},"author":96,"featured_media":94943,"comment_status":"closed","ping_status":"closed","sticky":false,"template":"","format":"standard","meta":{"footnotes":""},"categories":[257],"tags":[],"class_list":["post-94944","post","type-post","status-publish","format-standard","has-post-thumbnail","hentry","category-esporte"],"_links":{"self":[{"href":"https:\/\/diarioregionaldigital.com.br\/index.php?rest_route=\/wp\/v2\/posts\/94944","targetHints":{"allow":["GET"]}}],"collection":[{"href":"https:\/\/diarioregionaldigital.com.br\/index.php?rest_route=\/wp\/v2\/posts"}],"about":[{"href":"https:\/\/diarioregionaldigital.com.br\/index.php?rest_route=\/wp\/v2\/types\/post"}],"author":[{"embeddable":true,"href":"https:\/\/diarioregionaldigital.com.br\/index.php?rest_route=\/wp\/v2\/users\/96"}],"replies":[{"embeddable":true,"href":"https:\/\/diarioregionaldigital.com.br\/index.php?rest_route=%2Fwp%2Fv2%2Fcomments&post=94944"}],"version-history":[{"count":0,"href":"https:\/\/diarioregionaldigital.com.br\/index.php?rest_route=\/wp\/v2\/posts\/94944\/revisions"}],"wp:featuredmedia":[{"embeddable":true,"href":"https:\/\/diarioregionaldigital.com.br\/index.php?rest_route=\/wp\/v2\/media\/94943"}],"wp:attachment":[{"href":"https:\/\/diarioregionaldigital.com.br\/index.php?rest_route=%2Fwp%2Fv2%2Fmedia&parent=94944"}],"wp:term":[{"taxonomy":"category","embeddable":true,"href":"https:\/\/diarioregionaldigital.com.br\/index.php?rest_route=%2Fwp%2Fv2%2Fcategories&post=94944"},{"taxonomy":"post_tag","embeddable":true,"href":"https:\/\/diarioregionaldigital.com.br\/index.php?rest_route=%2Fwp%2Fv2%2Ftags&post=94944"}],"curies":[{"name":"wp","href":"https:\/\/api.w.org\/{rel}","templated":true}]}}