{"id":94940,"date":"2018-04-01T13:29:54","date_gmt":"2018-04-01T16:29:54","guid":{"rendered":"http:\/\/diarioregionaljf.com.br\/2018\/04\/01\/ninguem-acerta-os-numeros-da-mega-sena-e-premio-acumula-em-r-40-milhoes\/"},"modified":"2018-04-01T13:29:54","modified_gmt":"2018-04-01T16:29:54","slug":"ninguem-acerta-os-numeros-da-mega-sena-e-premio-acumula-em-r-40-milhoes","status":"publish","type":"post","link":"https:\/\/diarioregionaldigital.com.br\/?p=94940","title":{"rendered":"Ningu\u00e9m acerta os n\u00fameros da Mega-Sena e pr\u00eamio acumula em R$ 40 milh\u00f5es"},"content":{"rendered":"<p>O pr\u00eamio do sorteio 2.027 da Mega-Sena, realizado com o caminh\u00e3o da sorte em Canela (RS), acumulou. Ningu\u00e9m acertou as seis dezenas e, com isso, o pr\u00f3ximo sorteio tem pr\u00eamio previsto de R$ 40 milh\u00f5es.<\/p>\n<p>Confira as dezenas sorteadas: 11 &#8211; 15 &#8211; 29 &#8211; 37 &#8211; 39 &#8211; 44<\/p>\n<p>Os cinco n\u00fameros da quina tiveram 76 apostas ganhadoras, que levaram R$ 32.815,34 cada. Fizeram os quatro n\u00fameros da quadra 4.916 jogadores, que recebem R$ 724,73 cada.<\/p>\n<h4>C\u00c1LCULO DO PR\u00caMIO<\/h4>\n<p>O valor arrecadado com o concurso da Mega-Sena n\u00e3o \u00e9 totalmente revertido em pr\u00eamio para o ganhador. Parte do montante \u00e9 repassada ao governo federal para investimentos nas \u00e1reas de sa\u00fade, educa\u00e7\u00e3o, seguran\u00e7a, cultura e esporte.<\/p>\n<p>Al\u00e9m disso, h\u00e1 despesas de custeio do concurso, imposto de renda e outros, que fazem com que o pr\u00eamio bruto corresponda a 46% da arrecada\u00e7\u00e3o. Dessa porcentagem:<\/p>\n<p>35% s\u00e3o distribu\u00eddos entre os acertadores dos 6 n\u00fameros sorteados (sena);<\/p>\n<p>19% entre os acertadores de 5 n\u00fameros (quina);<\/p>\n<p>19% entre os acertadores de 4 n\u00fameros (quadra);<\/p>\n<p>22% ficam acumulados e distribu\u00eddos aos acertadores dos 6 n\u00fameros nos concursos de final 0 ou 5.<\/p>\n<p>5% ficam acumulado para a primeira faixa &#8211; sena &#8211; do \u00faltimo concurso do ano de final zero ou 5.<\/p>\n<p>N\u00e3o havendo acertador em qualquer faixa, o valor acumula para o concurso seguinte, na respectiva faixa de premia\u00e7\u00e3o.<\/p>\n<p>Os pr\u00eamios prescrevem 90 dias ap\u00f3s a data do sorteio. Ap\u00f3s esse prazo, os valores s\u00e3o repassados ao Tesouro Nacional para aplica\u00e7\u00e3o no FIES &#8211; Fundo de Financiamento ao Estudante do Ensino Superior.<\/p>\n<p>Fonte: Ag\u00eancia Brasil<\/p>\n","protected":false},"excerpt":{"rendered":"<p>O pr\u00eamio do sorteio 2.027 da Mega-Sena, realizado com o caminh\u00e3o da sorte em Canela (RS), acumulou. Ningu\u00e9m acertou as seis dezenas e, com isso, o pr\u00f3ximo sorteio tem pr\u00eamio previsto de R$ 40 milh\u00f5es. Confira as dezenas sorteadas: 11 &#8211; 15 &#8211; 29 &#8211; 37 &#8211; 39 &#8211; 44 Os cinco n\u00fameros da quina [&hellip;]<\/p>\n","protected":false},"author":96,"featured_media":94939,"comment_status":"closed","ping_status":"closed","sticky":false,"template":"","format":"standard","meta":{"footnotes":""},"categories":[261],"tags":[],"class_list":["post-94940","post","type-post","status-publish","format-standard","has-post-thumbnail","hentry","category-economia"],"_links":{"self":[{"href":"https:\/\/diarioregionaldigital.com.br\/index.php?rest_route=\/wp\/v2\/posts\/94940","targetHints":{"allow":["GET"]}}],"collection":[{"href":"https:\/\/diarioregionaldigital.com.br\/index.php?rest_route=\/wp\/v2\/posts"}],"about":[{"href":"https:\/\/diarioregionaldigital.com.br\/index.php?rest_route=\/wp\/v2\/types\/post"}],"author":[{"embeddable":true,"href":"https:\/\/diarioregionaldigital.com.br\/index.php?rest_route=\/wp\/v2\/users\/96"}],"replies":[{"embeddable":true,"href":"https:\/\/diarioregionaldigital.com.br\/index.php?rest_route=%2Fwp%2Fv2%2Fcomments&post=94940"}],"version-history":[{"count":0,"href":"https:\/\/diarioregionaldigital.com.br\/index.php?rest_route=\/wp\/v2\/posts\/94940\/revisions"}],"wp:featuredmedia":[{"embeddable":true,"href":"https:\/\/diarioregionaldigital.com.br\/index.php?rest_route=\/wp\/v2\/media\/94939"}],"wp:attachment":[{"href":"https:\/\/diarioregionaldigital.com.br\/index.php?rest_route=%2Fwp%2Fv2%2Fmedia&parent=94940"}],"wp:term":[{"taxonomy":"category","embeddable":true,"href":"https:\/\/diarioregionaldigital.com.br\/index.php?rest_route=%2Fwp%2Fv2%2Fcategories&post=94940"},{"taxonomy":"post_tag","embeddable":true,"href":"https:\/\/diarioregionaldigital.com.br\/index.php?rest_route=%2Fwp%2Fv2%2Ftags&post=94940"}],"curies":[{"name":"wp","href":"https:\/\/api.w.org\/{rel}","templated":true}]}}