{"id":94934,"date":"2018-03-31T15:55:00","date_gmt":"2018-03-31T18:55:00","guid":{"rendered":"http:\/\/diarioregionaljf.com.br\/2018\/03\/31\/pm-prende-jovem-e-apreende-menores-envolvidos-com-trafico-no-bairro-fabrica\/"},"modified":"2018-03-31T15:55:00","modified_gmt":"2018-03-31T18:55:00","slug":"pm-prende-jovem-e-apreende-menores-envolvidos-com-trafico-no-bairro-fabrica","status":"publish","type":"post","link":"https:\/\/diarioregionaldigital.com.br\/?p=94934","title":{"rendered":"PM prende jovem e apreende menores envolvidos com tr\u00e1fico no bairro F\u00e1brica"},"content":{"rendered":"<p>Um jovem foi preso e dois menores apreendidos por tr\u00e1fico de drogas na noite dessa sexta-feira, 30, no bairro F\u00e1brica, zona Norte da cidade.<\/p>\n<p>De acordo com o registro de ocorr\u00eancias da Pol\u00edcia Militar (PM), ap\u00f3s den\u00fancias an\u00f4nimas, viaturas se deslocaram at\u00e9 a Rua Bernardo Mascarenhas, quando se depararam com indiv\u00edduos em atitude suspeita.<\/p>\n<p>De imediato foram submetidos a busca pessoal, sendo localizados com os mesmos, 30 pedras de crack.<\/p>\n<p>Suspeitando que mais entorpecentes poderiam estar escondidos no local, a equipe de Rondas Ostensivas Com C\u00e3es (ROCCA) foi acionada. Com o trabalho da cadela Ema, foi poss\u00edvel localizar mais de 70 pedras de crack.<\/p>\n<p>O jovem de 21 anos foi preso e dois menores, de 15 e 17 anos, apreendidos. Eles foram encaminhados para a delegacia.<\/p>\n","protected":false},"excerpt":{"rendered":"<p>Um jovem foi preso e dois menores apreendidos por tr\u00e1fico de drogas na noite dessa sexta-feira, 30, no bairro F\u00e1brica, zona Norte da cidade. De acordo com o registro de ocorr\u00eancias da Pol\u00edcia Militar (PM), ap\u00f3s den\u00fancias an\u00f4nimas, viaturas se deslocaram at\u00e9 a Rua Bernardo Mascarenhas, quando se depararam com indiv\u00edduos em atitude suspeita. De [&hellip;]<\/p>\n","protected":false},"author":96,"featured_media":94933,"comment_status":"closed","ping_status":"closed","sticky":false,"template":"","format":"standard","meta":{"footnotes":""},"categories":[301],"tags":[],"class_list":["post-94934","post","type-post","status-publish","format-standard","has-post-thumbnail","hentry","category-artigos-policiais"],"_links":{"self":[{"href":"https:\/\/diarioregionaldigital.com.br\/index.php?rest_route=\/wp\/v2\/posts\/94934","targetHints":{"allow":["GET"]}}],"collection":[{"href":"https:\/\/diarioregionaldigital.com.br\/index.php?rest_route=\/wp\/v2\/posts"}],"about":[{"href":"https:\/\/diarioregionaldigital.com.br\/index.php?rest_route=\/wp\/v2\/types\/post"}],"author":[{"embeddable":true,"href":"https:\/\/diarioregionaldigital.com.br\/index.php?rest_route=\/wp\/v2\/users\/96"}],"replies":[{"embeddable":true,"href":"https:\/\/diarioregionaldigital.com.br\/index.php?rest_route=%2Fwp%2Fv2%2Fcomments&post=94934"}],"version-history":[{"count":0,"href":"https:\/\/diarioregionaldigital.com.br\/index.php?rest_route=\/wp\/v2\/posts\/94934\/revisions"}],"wp:featuredmedia":[{"embeddable":true,"href":"https:\/\/diarioregionaldigital.com.br\/index.php?rest_route=\/wp\/v2\/media\/94933"}],"wp:attachment":[{"href":"https:\/\/diarioregionaldigital.com.br\/index.php?rest_route=%2Fwp%2Fv2%2Fmedia&parent=94934"}],"wp:term":[{"taxonomy":"category","embeddable":true,"href":"https:\/\/diarioregionaldigital.com.br\/index.php?rest_route=%2Fwp%2Fv2%2Fcategories&post=94934"},{"taxonomy":"post_tag","embeddable":true,"href":"https:\/\/diarioregionaldigital.com.br\/index.php?rest_route=%2Fwp%2Fv2%2Ftags&post=94934"}],"curies":[{"name":"wp","href":"https:\/\/api.w.org\/{rel}","templated":true}]}}