{"id":94932,"date":"2018-03-31T15:44:39","date_gmt":"2018-03-31T18:44:39","guid":{"rendered":"http:\/\/diarioregionaljf.com.br\/2018\/03\/31\/aberto-o-encontro-nacional-de-mulheres-da-une-em-juiz-de-fora\/"},"modified":"2018-03-31T15:44:39","modified_gmt":"2018-03-31T18:44:39","slug":"aberto-o-encontro-nacional-de-mulheres-da-une-em-juiz-de-fora","status":"publish","type":"post","link":"https:\/\/diarioregionaldigital.com.br\/?p=94932","title":{"rendered":"Aberto o Encontro Nacional de Mulheres da UNE em Juiz de Fora"},"content":{"rendered":"<p>A 8\u00aa edi\u00e7\u00e3o do Encontro de Mulheres da Uni\u00e3o Nacional dos Estudantes (8\u00ba EME\/UNE) foi iniciada na noite dessa sexta-feira, dia 30, no Cine-Theatro Central. Participaram da cerim\u00f4nia de abertura o reitor da Universidade Federal de Juiz de Fora (UFJF), Marcus David; a vice-reitora Girlene Silva; a pr\u00f3-reitora de Extens\u00e3o, Ana L\u00edvia Coimbra; a presidenta da UNE, Mariana Dias e a diretora de Mulheres, Ana Clara Franco; al\u00e9m da ex-reitora e deputada federal, Margarida Salom\u00e3o; da secret\u00e1ria de Mulheres do Governo de Minas, Isabel Lisboa; da secret\u00e1ria Municipal de Educa\u00e7\u00e3o de Juiz de Fora, Denise Vieira Franco; e diversas lideran\u00e7as de movimentos sociais.<\/p>\n<p>Ao dar boas-vindas \u00e0 plateia, a vice-reitora da UFJF destacou o compromisso da institui\u00e7\u00e3o com a sociedade. \u201cA universidade p\u00fablica \u00e9 um dos espa\u00e7os de resist\u00eancia. A UFJF n\u00e3o se calar\u00e1 frente \u00e0 qualquer tentativa de opress\u00e3o, de preconceito ou de discrimina\u00e7\u00e3o. A morte da vereadora Marielle tocou todo o Brasil. Entendemos como uma oportunidade o acolhimento deste evento da Uni\u00e3o Nacional dos Estudantes, pelo compromisso que temos com a sociedade brasileira\u201d, destacou Girlene. Esta edi\u00e7\u00e3o do f\u00f3rum foi batizada de \u201c8\u00ba EME Marielle Franco\u201d, em homenagem \u00e0 vereadora do PSOL assassinada do Rio de Janeiro no dia 14 de mar\u00e7o.<\/p>\n<p>A presidenta da UNE, Mariana Dias, ressaltou que os trabalhos a serem desenvolvidos durante o 8\u00b0 EME devem ter como foco a unidade de todos os movimentos feministas. \u201cEscolhemos falar sobre resist\u00eancia porque realizamos o mundo desta dimens\u00e3o. Neste momento t\u00e3o duro que o Brasil vive, significa que somos esperan\u00e7a. Vivemos um tempo em que assassinam uma lutadora, \u00fanica e exclusivamente, por falar em direitos humanos e denunciar irregularidades. Vivemos a viol\u00eancia contra as mulheres de uma forma muito perversa em nosso pa\u00eds, com machismo, racismo, homofobia. Queremos liberdade, queremos falar de igualdade, falar sobre a verdadeira vida das mulheres.\u201d<\/p>\n<h4>EXPECTATIVA DAS PARTICIPANTES<\/h4>\n<p>Com o tema \u201cMulheres em Movimento: a resist\u00eancia feminista nas universidades e nas ruas\u201d, o 8\u00b0 EME contar\u00e1 com mesas, debates, oficinas, mostras acad\u00eamica e de cultura. A expectativa \u00e9 que 2.500 graduandas e p\u00f3s-graduandas de todas as regi\u00f5es do pa\u00eds participem das atividades que ser\u00e3o realizadas at\u00e9 domingo, dia 1, no estacionamento da Faculdade de Engenharia.<\/p>\n<p>Aluna do Mestrado em Engenharia Civil da Universidade Federal de Uberl\u00e2ndia (UFU), Camila dos Reis, 23 anos, participar\u00e1 pela terceira vez do Encontro de Mulheres Estudantes da UNE. \u201cO EME \u00e9 um instrumento de luta coletiva das mulheres. Lutar pela igualdade passa pela luta por democracia. \u00c9 muito importante nos reunirmos neste momento de discuss\u00e3o dos rumos do pa\u00eds. Sairemos daqui com as nossas propostas em uma carta, que ser\u00e1 redigida de forma consensual por todas n\u00f3s.\u201d<\/p>\n<p>A avalia\u00e7\u00e3o \u00e9 compartilhada pela estudante de Geografia da UFJF e diretora de Rela\u00e7\u00f5es Institucionais da UNE, Talita Fran\u00e7a Le\u00e3o, 23 anos. \u201cDiscutiremos v\u00e1rias pautas relacionadas \u00e0s mulheres durante o EME. Esta \u00e9 uma excelente oportunidade para os movimentos feministas, para a UFJF e para a cidade. H\u00e1 muito tempo n\u00e3o temos um evento dessa magnitude aqui.\u201d<\/p>\n<p>A expectativa da estudante de Hist\u00f3ria da Universidade Estadual do Rio de Janeiro (Uerj) e diretora de Mulheres da Uni\u00e3o Estadual de Estudantes, Elaine Monteiro, 23 anos, \u00e9 que o f\u00f3rum proponha a\u00e7\u00f5es de fortalecimento dos movimentos feministas. \u201cVivemos uma conjuntura adversa por conta do aumento do conservadorismo, da interven\u00e7\u00e3o militar. Queremos debater essa situa\u00e7\u00e3o e propor a\u00e7\u00f5es de resist\u00eancia.\u201d<\/p>\n<h4>COMO PARTICIPAR DO 8\u00b0 ENCONTRO DE MULHERES DA UNE<\/h4>\n<p>Para participar da 8\u00b0 EME, \u00e9 preciso ser estudante universit\u00e1ria e realizar inscri\u00e7\u00e3o neste link ou presencialmente, no setor de credenciamento do evento, no estacionamento da Faculdade de Engenharia da UFJF. Haver\u00e1 espa\u00e7o de creche, para possibilitar a participa\u00e7\u00e3o de universit\u00e1rias que t\u00eam filhos.<\/p>\n<p>Confira a programa\u00e7\u00e3o completa <a href=\"https:\/\/www.une.org.br\/noticias\/programacao-do-8oeme-reflete-desafios-das-mulheres-nas-ruas-e-universidades\/\">aqui<\/a>, e as atualiza\u00e7\u00f5es sobre o evento <a href=\"http:\/\/www.une.org.br\/\">no site da organiza\u00e7\u00e3o estudantil<\/a>.<\/p>\n<p>Fonte: Assessoria \/ UFJF<\/p>\n","protected":false},"excerpt":{"rendered":"<p>A 8\u00aa edi\u00e7\u00e3o do Encontro de Mulheres da Uni\u00e3o Nacional dos Estudantes (8\u00ba EME\/UNE) foi iniciada na noite dessa sexta-feira, dia 30, no Cine-Theatro Central. Participaram da cerim\u00f4nia de abertura o reitor da Universidade Federal de Juiz de Fora (UFJF), Marcus David; a vice-reitora Girlene Silva; a pr\u00f3-reitora de Extens\u00e3o, Ana L\u00edvia Coimbra; a presidenta [&hellip;]<\/p>\n","protected":false},"author":96,"featured_media":94931,"comment_status":"closed","ping_status":"closed","sticky":false,"template":"","format":"standard","meta":{"footnotes":""},"categories":[253],"tags":[],"class_list":["post-94932","post","type-post","status-publish","format-standard","has-post-thumbnail","hentry","category-cidade"],"_links":{"self":[{"href":"https:\/\/diarioregionaldigital.com.br\/index.php?rest_route=\/wp\/v2\/posts\/94932","targetHints":{"allow":["GET"]}}],"collection":[{"href":"https:\/\/diarioregionaldigital.com.br\/index.php?rest_route=\/wp\/v2\/posts"}],"about":[{"href":"https:\/\/diarioregionaldigital.com.br\/index.php?rest_route=\/wp\/v2\/types\/post"}],"author":[{"embeddable":true,"href":"https:\/\/diarioregionaldigital.com.br\/index.php?rest_route=\/wp\/v2\/users\/96"}],"replies":[{"embeddable":true,"href":"https:\/\/diarioregionaldigital.com.br\/index.php?rest_route=%2Fwp%2Fv2%2Fcomments&post=94932"}],"version-history":[{"count":0,"href":"https:\/\/diarioregionaldigital.com.br\/index.php?rest_route=\/wp\/v2\/posts\/94932\/revisions"}],"wp:featuredmedia":[{"embeddable":true,"href":"https:\/\/diarioregionaldigital.com.br\/index.php?rest_route=\/wp\/v2\/media\/94931"}],"wp:attachment":[{"href":"https:\/\/diarioregionaldigital.com.br\/index.php?rest_route=%2Fwp%2Fv2%2Fmedia&parent=94932"}],"wp:term":[{"taxonomy":"category","embeddable":true,"href":"https:\/\/diarioregionaldigital.com.br\/index.php?rest_route=%2Fwp%2Fv2%2Fcategories&post=94932"},{"taxonomy":"post_tag","embeddable":true,"href":"https:\/\/diarioregionaldigital.com.br\/index.php?rest_route=%2Fwp%2Fv2%2Ftags&post=94932"}],"curies":[{"name":"wp","href":"https:\/\/api.w.org\/{rel}","templated":true}]}}