{"id":94930,"date":"2018-03-31T14:50:11","date_gmt":"2018-03-31T17:50:11","guid":{"rendered":"http:\/\/diarioregionaljf.com.br\/2018\/03\/31\/prazo-para-isencao-da-taxa-de-inscricao-do-enem-comeca-na-segunda-feira\/"},"modified":"2018-03-31T14:50:11","modified_gmt":"2018-03-31T17:50:11","slug":"prazo-para-isencao-da-taxa-de-inscricao-do-enem-comeca-na-segunda-feira","status":"publish","type":"post","link":"https:\/\/diarioregionaldigital.com.br\/?p=94930","title":{"rendered":"Prazo para isen\u00e7\u00e3o da taxa de inscri\u00e7\u00e3o do Enem come\u00e7a na segunda-feira"},"content":{"rendered":"<p>Os estudantes que ir\u00e3o participar do Exame Nacional do Ensino M\u00e9dio (Enem) em 2018 e quiserem pedir isen\u00e7\u00e3o da taxa de inscri\u00e7\u00e3o devem ficar atentos. Neste ano, a solicita\u00e7\u00e3o de isen\u00e7\u00e3o ser\u00e1 feita entre os dias 2 e 11 de abril, ou seja, antes do per\u00edodo de inscri\u00e7\u00e3o, que come\u00e7a em maio. O pedido deve ser feito, exclusivamente, pelo endere\u00e7o site do Enem.<\/p>\n<p>Ser\u00e3o isentos os estudantes que estejam cursando a \u00faltima s\u00e9rie do ensino m\u00e9dio neste ano em escola da rede p\u00fablica, ou que tenha cursado todo o ensino m\u00e9dio em escola da rede p\u00fablica ou como bolsista integral na rede privada e tenha renda per capita igual ou inferior a um sal\u00e1rio m\u00ednimo e meio.<\/p>\n<p>Tamb\u00e9m tem isen\u00e7\u00e3o o participante que declarar situa\u00e7\u00e3o de vulnerabilidade socioecon\u00f4mica, por ser membro de fam\u00edlia de baixa renda e que esteja inscrito no Cadastro \u00danico para Programas Sociais do Governo Federal (Cad\u00danico). Neste ano, tamb\u00e9m s\u00e3o isentos os participantes do Exame Nacional para Certifica\u00e7\u00e3o de Compet\u00eancias de Jovens e Adultos (Encceja) do ano passado, que tenham atingido a nota m\u00ednima do exame.<\/p>\n<p>O estudante Emanuel Noronha, que mora em Bel\u00e9m (PA), vai fazer o Enem pela segunda vez neste ano e vai pedir a isen\u00e7\u00e3o da taxa de inscri\u00e7\u00e3o por se enquadrar no crit\u00e9rio de baixa renda. Segundo ele, se fosse para pagar, teria que fazer uma \u201cvaquinha\u201d na fam\u00edlia para conseguir os R$ 82 da taxa de inscri\u00e7\u00e3o.<\/p>\n<p>O candidato diz que j\u00e1 est\u00e1 preparado para pedir o benef\u00edcio logo nos primeiros dias, para evitar transtornos. \u201cVou pedir o mais cedo poss\u00edvel, porque mesmo que muitos ainda n\u00e3o saibam dessa mudan\u00e7a, quero evitar problemas, como o site estar congestionado\u201d, diz.<\/p>\n<h4>COMPROVA\u00c7\u00c3O<\/h4>\n<p>Para todos os casos de solicita\u00e7\u00e3o de isen\u00e7\u00e3o da taxa de inscri\u00e7\u00e3o, o participante dever\u00e1 ter documentos que comprovem a condi\u00e7\u00e3o declarada, sob pena de responder por crime contra a f\u00e9 p\u00fablica e de ser eliminado do Exame.<\/p>\n<p>O participante que solicitar isen\u00e7\u00e3o da taxa de inscri\u00e7\u00e3o por estar inclu\u00eddo no Cad\u00danico dever\u00e1 informar o seu N\u00famero de Identifica\u00e7\u00e3o Social (NIS) v\u00e1lido. O Inep poder\u00e1 consultar o \u00f3rg\u00e3o gestor do Cad\u00danico para verificar a conformidade da condi\u00e7\u00e3o indicada pelo participante no sistema de isen\u00e7\u00e3o.<\/p>\n<p>Se a solicita\u00e7\u00e3o de isen\u00e7\u00e3o for negada, ainda \u00e9 poss\u00edvel recorrer da decis\u00e3o, na P\u00e1gina do Participante, entre os dias 23 e 29 de abril.<\/p>\n<p>A aprova\u00e7\u00e3o da isen\u00e7\u00e3o da taxa de inscri\u00e7\u00e3o n\u00e3o significa que o participante j\u00e1 est\u00e1 inscrito no Enem. As inscri\u00e7\u00f5es dever\u00e3o ser feitas das 10h do dia 7 de maio \u00e0s 23h59 de 18 de maio deste ano, pelo site do Enem.<\/p>\n<h4>JUSTIFICATIVA<\/h4>\n<p>Os participantes que tiveram isen\u00e7\u00e3o da taxa de inscri\u00e7\u00e3o no Enem no ano passado e que faltaram aos dois dias de provas ter\u00e3o que justificar a aus\u00eancia para fazer o Enem de 2018 sem pagar a taxa novamente. A aus\u00eancia deve ser comprovada entre os dias 2 e 11 de abril, por meio de documentos como atestado m\u00e9dico, documento judicial, certid\u00e3o p\u00fablica ou boletim de ocorr\u00eancia que comprove e justifique a aus\u00eancia no exame.<\/p>\n<p>Quem n\u00e3o apresentar justificativa de aus\u00eancia no Enem 2017 ou tiver a justificativa reprovada ap\u00f3s recurso e quiser se inscrever no Enem 2018 dever\u00e1 pagar o valor da taxa de inscri\u00e7\u00e3o, que foi mantida neste ano em R$ 82. Da mesma forma, o participante que obtiver a isen\u00e7\u00e3o da taxa de inscri\u00e7\u00e3o do Enem deste ano e n\u00e3o comparecer \u00e0s provas nos dois dias de aplica\u00e7\u00e3o dever\u00e1 justificar sua aus\u00eancia se desejar solicitar nova isen\u00e7\u00e3o para o exame em 2019.<\/p>\n<p>A exig\u00eancia foi adotada por causa dos preju\u00edzos que o exame vem registrando nos \u00faltimos anos aos cofres p\u00fablicos. Segundo o Instituto Nacional de Estudos e Pesquisas Educacionais An\u00edsio Teixeira (Inep), as \u00faltimas cinco edi\u00e7\u00f5es do Enem representaram um preju\u00edzo de R$ 962 milh\u00f5es com participantes que se inscreveram e n\u00e3o compareceram \u00e0s provas.<\/p>\n<p>Fonte: Ag\u00eancia Brasil<\/p>\n","protected":false},"excerpt":{"rendered":"<p>Os estudantes que ir\u00e3o participar do Exame Nacional do Ensino M\u00e9dio (Enem) em 2018 e quiserem pedir isen\u00e7\u00e3o da taxa de inscri\u00e7\u00e3o devem ficar atentos. Neste ano, a solicita\u00e7\u00e3o de isen\u00e7\u00e3o ser\u00e1 feita entre os dias 2 e 11 de abril, ou seja, antes do per\u00edodo de inscri\u00e7\u00e3o, que come\u00e7a em maio. O pedido deve [&hellip;]<\/p>\n","protected":false},"author":96,"featured_media":94929,"comment_status":"closed","ping_status":"closed","sticky":false,"template":"","format":"standard","meta":{"footnotes":""},"categories":[302],"tags":[],"class_list":["post-94930","post","type-post","status-publish","format-standard","has-post-thumbnail","hentry","category-brasil-mundo"],"_links":{"self":[{"href":"https:\/\/diarioregionaldigital.com.br\/index.php?rest_route=\/wp\/v2\/posts\/94930","targetHints":{"allow":["GET"]}}],"collection":[{"href":"https:\/\/diarioregionaldigital.com.br\/index.php?rest_route=\/wp\/v2\/posts"}],"about":[{"href":"https:\/\/diarioregionaldigital.com.br\/index.php?rest_route=\/wp\/v2\/types\/post"}],"author":[{"embeddable":true,"href":"https:\/\/diarioregionaldigital.com.br\/index.php?rest_route=\/wp\/v2\/users\/96"}],"replies":[{"embeddable":true,"href":"https:\/\/diarioregionaldigital.com.br\/index.php?rest_route=%2Fwp%2Fv2%2Fcomments&post=94930"}],"version-history":[{"count":0,"href":"https:\/\/diarioregionaldigital.com.br\/index.php?rest_route=\/wp\/v2\/posts\/94930\/revisions"}],"wp:featuredmedia":[{"embeddable":true,"href":"https:\/\/diarioregionaldigital.com.br\/index.php?rest_route=\/wp\/v2\/media\/94929"}],"wp:attachment":[{"href":"https:\/\/diarioregionaldigital.com.br\/index.php?rest_route=%2Fwp%2Fv2%2Fmedia&parent=94930"}],"wp:term":[{"taxonomy":"category","embeddable":true,"href":"https:\/\/diarioregionaldigital.com.br\/index.php?rest_route=%2Fwp%2Fv2%2Fcategories&post=94930"},{"taxonomy":"post_tag","embeddable":true,"href":"https:\/\/diarioregionaldigital.com.br\/index.php?rest_route=%2Fwp%2Fv2%2Ftags&post=94930"}],"curies":[{"name":"wp","href":"https:\/\/api.w.org\/{rel}","templated":true}]}}