{"id":94928,"date":"2018-03-31T14:31:42","date_gmt":"2018-03-31T17:31:42","guid":{"rendered":"http:\/\/diarioregionaljf.com.br\/2018\/03\/31\/jovem-e-atingido-por-tiro-dentro-do-carro-no-bairro-sao-pedro\/"},"modified":"2018-03-31T14:31:42","modified_gmt":"2018-03-31T17:31:42","slug":"jovem-e-atingido-por-tiro-dentro-do-carro-no-bairro-sao-pedro","status":"publish","type":"post","link":"https:\/\/diarioregionaldigital.com.br\/?p=94928","title":{"rendered":"Jovem \u00e9 atingido por tiro dentro do carro no bairro S\u00e3o Pedro"},"content":{"rendered":"<p>Um jovem de 22 anos foi atingido por um tiro, enquanto estava dentro de seu carro, na tarde dessa sexta-feira, 30, no bairro S\u00e3o Pedro, zona Oeste da cidade.<\/p>\n<p>Segundo informa\u00e7\u00f5es da Pol\u00edcia Militar (PM), o jovem estava em seu ve\u00edculo, juntamente com outra pessoa, na Rua Marajoara. Em determinado momento um indiv\u00edduo, conhecido por eles, passou pelo local e efetuou diversos disparos em dire\u00e7\u00e3o ao carro. Um dos tiros atingiu o jovem na perna. Ap\u00f3s disparar, o autor fugiu em dire\u00e7\u00e3o a um escad\u00e3o do bairro.<\/p>\n<p>O jovem foi socorrido na Unidade de Pronto Atendimento (UPA) Norte, sendo constatada uma perfura\u00e7\u00e3o na panturrilha e permanecendo em observa\u00e7\u00e3o.<\/p>\n<p>Em relato ao militares, ele explicou que o alvo dos tiros seria o carona que estava com ele.<\/p>\n<p>Nenhum suspeito foi preso.<\/p>\n","protected":false},"excerpt":{"rendered":"<p>Um jovem de 22 anos foi atingido por um tiro, enquanto estava dentro de seu carro, na tarde dessa sexta-feira, 30, no bairro S\u00e3o Pedro, zona Oeste da cidade. Segundo informa\u00e7\u00f5es da Pol\u00edcia Militar (PM), o jovem estava em seu ve\u00edculo, juntamente com outra pessoa, na Rua Marajoara. Em determinado momento um indiv\u00edduo, conhecido por [&hellip;]<\/p>\n","protected":false},"author":96,"featured_media":94927,"comment_status":"closed","ping_status":"closed","sticky":false,"template":"","format":"standard","meta":{"footnotes":""},"categories":[301],"tags":[],"class_list":["post-94928","post","type-post","status-publish","format-standard","has-post-thumbnail","hentry","category-artigos-policiais"],"_links":{"self":[{"href":"https:\/\/diarioregionaldigital.com.br\/index.php?rest_route=\/wp\/v2\/posts\/94928","targetHints":{"allow":["GET"]}}],"collection":[{"href":"https:\/\/diarioregionaldigital.com.br\/index.php?rest_route=\/wp\/v2\/posts"}],"about":[{"href":"https:\/\/diarioregionaldigital.com.br\/index.php?rest_route=\/wp\/v2\/types\/post"}],"author":[{"embeddable":true,"href":"https:\/\/diarioregionaldigital.com.br\/index.php?rest_route=\/wp\/v2\/users\/96"}],"replies":[{"embeddable":true,"href":"https:\/\/diarioregionaldigital.com.br\/index.php?rest_route=%2Fwp%2Fv2%2Fcomments&post=94928"}],"version-history":[{"count":0,"href":"https:\/\/diarioregionaldigital.com.br\/index.php?rest_route=\/wp\/v2\/posts\/94928\/revisions"}],"wp:featuredmedia":[{"embeddable":true,"href":"https:\/\/diarioregionaldigital.com.br\/index.php?rest_route=\/wp\/v2\/media\/94927"}],"wp:attachment":[{"href":"https:\/\/diarioregionaldigital.com.br\/index.php?rest_route=%2Fwp%2Fv2%2Fmedia&parent=94928"}],"wp:term":[{"taxonomy":"category","embeddable":true,"href":"https:\/\/diarioregionaldigital.com.br\/index.php?rest_route=%2Fwp%2Fv2%2Fcategories&post=94928"},{"taxonomy":"post_tag","embeddable":true,"href":"https:\/\/diarioregionaldigital.com.br\/index.php?rest_route=%2Fwp%2Fv2%2Ftags&post=94928"}],"curies":[{"name":"wp","href":"https:\/\/api.w.org\/{rel}","templated":true}]}}