{"id":94924,"date":"2018-03-31T13:36:00","date_gmt":"2018-03-31T16:36:00","guid":{"rendered":"http:\/\/diarioregionaljf.com.br\/2018\/03\/31\/jovem-e-ameacada-pelo-ex-namorado-apos-termino-de-relacionamento\/"},"modified":"2018-03-31T13:36:00","modified_gmt":"2018-03-31T16:36:00","slug":"jovem-e-ameacada-pelo-ex-namorado-apos-termino-de-relacionamento","status":"publish","type":"post","link":"https:\/\/diarioregionaldigital.com.br\/?p=94924","title":{"rendered":"Jovem \u00e9 amea\u00e7ada pelo ex-namorado ap\u00f3s t\u00e9rmino de relacionamento"},"content":{"rendered":"<p>Uma jovem de 26 anos foi amea\u00e7ada pelo ex-namorado na noite desta sexta-feira, 30, no bairro Vitorino Braga, localizado na zona Leste.<\/p>\n<p>De acordo com o registro de ocorr\u00eancias da Pol\u00edcia Militar (PM), a v\u00edtima encontrava-se na Rua Benjamin Constant quando foi surpreendida pelo ex-companheiro, de 28 anos.<\/p>\n<p>O indiv\u00edduo teria amea\u00e7ado a v\u00edtima devido a insatisfa\u00e7\u00e3o pelo t\u00e9rmino do fim do relacionamento.<\/p>\n<p>A PM foi acionada, entretanto, mesmo em frente aos militares, o autor continuou a amea\u00e7ar a jovem. Ele foi controlado pelos policiais e encaminhado para a delegacia.<\/p>\n","protected":false},"excerpt":{"rendered":"<p>Uma jovem de 26 anos foi amea\u00e7ada pelo ex-namorado na noite desta sexta-feira, 30, no bairro Vitorino Braga, localizado na zona Leste. De acordo com o registro de ocorr\u00eancias da Pol\u00edcia Militar (PM), a v\u00edtima encontrava-se na Rua Benjamin Constant quando foi surpreendida pelo ex-companheiro, de 28 anos. O indiv\u00edduo teria amea\u00e7ado a v\u00edtima devido [&hellip;]<\/p>\n","protected":false},"author":96,"featured_media":94923,"comment_status":"closed","ping_status":"closed","sticky":false,"template":"","format":"standard","meta":{"footnotes":""},"categories":[301],"tags":[],"class_list":["post-94924","post","type-post","status-publish","format-standard","has-post-thumbnail","hentry","category-artigos-policiais"],"_links":{"self":[{"href":"https:\/\/diarioregionaldigital.com.br\/index.php?rest_route=\/wp\/v2\/posts\/94924","targetHints":{"allow":["GET"]}}],"collection":[{"href":"https:\/\/diarioregionaldigital.com.br\/index.php?rest_route=\/wp\/v2\/posts"}],"about":[{"href":"https:\/\/diarioregionaldigital.com.br\/index.php?rest_route=\/wp\/v2\/types\/post"}],"author":[{"embeddable":true,"href":"https:\/\/diarioregionaldigital.com.br\/index.php?rest_route=\/wp\/v2\/users\/96"}],"replies":[{"embeddable":true,"href":"https:\/\/diarioregionaldigital.com.br\/index.php?rest_route=%2Fwp%2Fv2%2Fcomments&post=94924"}],"version-history":[{"count":0,"href":"https:\/\/diarioregionaldigital.com.br\/index.php?rest_route=\/wp\/v2\/posts\/94924\/revisions"}],"wp:featuredmedia":[{"embeddable":true,"href":"https:\/\/diarioregionaldigital.com.br\/index.php?rest_route=\/wp\/v2\/media\/94923"}],"wp:attachment":[{"href":"https:\/\/diarioregionaldigital.com.br\/index.php?rest_route=%2Fwp%2Fv2%2Fmedia&parent=94924"}],"wp:term":[{"taxonomy":"category","embeddable":true,"href":"https:\/\/diarioregionaldigital.com.br\/index.php?rest_route=%2Fwp%2Fv2%2Fcategories&post=94924"},{"taxonomy":"post_tag","embeddable":true,"href":"https:\/\/diarioregionaldigital.com.br\/index.php?rest_route=%2Fwp%2Fv2%2Ftags&post=94924"}],"curies":[{"name":"wp","href":"https:\/\/api.w.org\/{rel}","templated":true}]}}