{"id":94922,"date":"2018-03-31T12:41:05","date_gmt":"2018-03-31T15:41:05","guid":{"rendered":"http:\/\/diarioregionaljf.com.br\/2018\/03\/31\/telefonia-movel-perdeu-574-mil-linhas-em-fevereiro\/"},"modified":"2018-03-31T12:41:05","modified_gmt":"2018-03-31T15:41:05","slug":"telefonia-movel-perdeu-574-mil-linhas-em-fevereiro","status":"publish","type":"post","link":"https:\/\/diarioregionaldigital.com.br\/?p=94922","title":{"rendered":"Telefonia m\u00f3vel perdeu 574 mil linhas em fevereiro"},"content":{"rendered":"<p>O Brasil registrou perda de 574.379 linhas de telefonia m\u00f3vel na compara\u00e7\u00e3o entre janeiro e fevereiro deste ano. Os dados, divulgados nessa quinta-feira, 29, pela Ag\u00eancia Nacional de Telecomunica\u00e7\u00f5es (Anatel), mostram que o pa\u00eds fechou o m\u00eas com 235.655.505 linhas m\u00f3veis, um recuo de 0,24%. No acumulado de 12 meses, a redu\u00e7\u00e3o foi de 2,99%, com menos 7.263.466 linhas de telefonia m\u00f3vel registradas.<\/p>\n<p>Do total de linhas m\u00f3veis no pa\u00eds, 89.614.484 s\u00e3o p\u00f3s-pagas e 146.041.021, pr\u00e9-pagas. As pr\u00e9-pagas v\u00eam puxando a diminui\u00e7\u00e3o do n\u00famero de linhas. Em fevereiro, esse tipo de linha teve queda de 1.402.445 unidades, com redu\u00e7\u00e3o de 0,95 % na compara\u00e7\u00e3o de fevereiro com o m\u00eas anterior. J\u00e1 as linhas p\u00f3s-pagas apresentaram crescimento de 828.066, com acr\u00e9scimo de 0,93%.<\/p>\n<p>De acordo com a Anatel, as empresas com maiores quantitativos de linhas m\u00f3veis foram: Vivo, com 74.896.701; Claro, com 58.726.546; Tim, com 58.006.380; e Oi, com 38.900.114.<\/p>\n<p>Na compara\u00e7\u00e3o de fevereiro deste ano com o m\u00eas anterior, as prestadoras Algar, Sercomtel, Oi, Claro e TIM tiveram redu\u00e7\u00e3o do n\u00famero de linhas. Na Oi, a redu\u00e7\u00e3o foi m\u00ednima, 0,09%, fechando fevereiro com 38.9000.114 linhas, 35.436 a menos do que o registrado em janeiro. Na Claro, houve queda de 0,47%, com menos 276.826 linhas, fechando o m\u00eas com 58.726.546. A maior perda foi da Tim, 0,72%. A empresa registrou 419.082 linhas a menos do que em janeiro, fechando o m\u00eas com 58.006.380 linhas.<\/p>\n<p>Entre os estados, Amazonas, Amap\u00e1, Maranh\u00e3o, Roraima, Santa Catarina e S\u00e3o Paulo tiveram aumento do n\u00famero de linhas. Com redu\u00e7\u00e3o de apenas uma linha, o Par\u00e1 manteve-se est\u00e1vel. Nos demais estados, o n\u00famero de linhas de telefonia m\u00f3vel caiu.<\/p>\n<p>Os n\u00fameros mostram ainda que aumentou o uso da tecnologia 4G. Na compara\u00e7\u00e3o com janeiro, o crescimento do 4G, em fevereiro, foi de 2.072.500 unidades, acr\u00e9scimo de 1,96 %.<\/p>\n<p>Tamb\u00e9m cresceu o uso da tecnologia usada em aplica\u00e7\u00f5es Machine to Machine (M2M), como telealarmes, automa\u00e7\u00e3o residencial e rastreamento de autom\u00f3veis, com mais 277.233 linhas. Outras tecnologias, como CDMA (2G), GSM (2G), Dados banda larga (3G) e WCDMA (3G), apresentaram redu\u00e7\u00e3o.<\/p>\n<p>\u201cNa compara\u00e7\u00e3o de 12 meses, as linhas 4G (LTE) tiveram crescimento de 40.963.592 unidades (61,50%), assim como as da tecnologia M2M, com aumento de 2.685.632 linhas\u201d, informou a Anatel.<\/p>\n<p>Fonte: Ag\u00eancia Brasil<\/p>\n","protected":false},"excerpt":{"rendered":"<p>O Brasil registrou perda de 574.379 linhas de telefonia m\u00f3vel na compara\u00e7\u00e3o entre janeiro e fevereiro deste ano. Os dados, divulgados nessa quinta-feira, 29, pela Ag\u00eancia Nacional de Telecomunica\u00e7\u00f5es (Anatel), mostram que o pa\u00eds fechou o m\u00eas com 235.655.505 linhas m\u00f3veis, um recuo de 0,24%. No acumulado de 12 meses, a redu\u00e7\u00e3o foi de 2,99%, [&hellip;]<\/p>\n","protected":false},"author":96,"featured_media":94921,"comment_status":"closed","ping_status":"closed","sticky":false,"template":"","format":"standard","meta":{"footnotes":""},"categories":[261],"tags":[],"class_list":["post-94922","post","type-post","status-publish","format-standard","has-post-thumbnail","hentry","category-economia"],"_links":{"self":[{"href":"https:\/\/diarioregionaldigital.com.br\/index.php?rest_route=\/wp\/v2\/posts\/94922","targetHints":{"allow":["GET"]}}],"collection":[{"href":"https:\/\/diarioregionaldigital.com.br\/index.php?rest_route=\/wp\/v2\/posts"}],"about":[{"href":"https:\/\/diarioregionaldigital.com.br\/index.php?rest_route=\/wp\/v2\/types\/post"}],"author":[{"embeddable":true,"href":"https:\/\/diarioregionaldigital.com.br\/index.php?rest_route=\/wp\/v2\/users\/96"}],"replies":[{"embeddable":true,"href":"https:\/\/diarioregionaldigital.com.br\/index.php?rest_route=%2Fwp%2Fv2%2Fcomments&post=94922"}],"version-history":[{"count":0,"href":"https:\/\/diarioregionaldigital.com.br\/index.php?rest_route=\/wp\/v2\/posts\/94922\/revisions"}],"wp:featuredmedia":[{"embeddable":true,"href":"https:\/\/diarioregionaldigital.com.br\/index.php?rest_route=\/wp\/v2\/media\/94921"}],"wp:attachment":[{"href":"https:\/\/diarioregionaldigital.com.br\/index.php?rest_route=%2Fwp%2Fv2%2Fmedia&parent=94922"}],"wp:term":[{"taxonomy":"category","embeddable":true,"href":"https:\/\/diarioregionaldigital.com.br\/index.php?rest_route=%2Fwp%2Fv2%2Fcategories&post=94922"},{"taxonomy":"post_tag","embeddable":true,"href":"https:\/\/diarioregionaldigital.com.br\/index.php?rest_route=%2Fwp%2Fv2%2Ftags&post=94922"}],"curies":[{"name":"wp","href":"https:\/\/api.w.org\/{rel}","templated":true}]}}