{"id":94918,"date":"2018-03-31T12:28:59","date_gmt":"2018-03-31T15:28:59","guid":{"rendered":"http:\/\/diarioregionaljf.com.br\/2018\/03\/31\/taxa-de-licenciamento-de-veiculo-vence-na-proxima-segunda-feira\/"},"modified":"2018-03-31T12:28:59","modified_gmt":"2018-03-31T15:28:59","slug":"taxa-de-licenciamento-de-veiculo-vence-na-proxima-segunda-feira","status":"publish","type":"post","link":"https:\/\/diarioregionaldigital.com.br\/?p=94918","title":{"rendered":"Taxa de Licenciamento de Ve\u00edculo vence na pr\u00f3xima segunda-feira"},"content":{"rendered":"<p>Vence na pr\u00f3xima segunda-feira, 2, a Taxa de Renova\u00e7\u00e3o do Licenciamento Anual de Ve\u00edculo (TRLAV) 2018. No valor de R$ 92,66, o pagamento da TRLAV \u00e9 necess\u00e1rio para obten\u00e7\u00e3o do Certificado de Registro e Licenciamento de Ve\u00edculo (CRLV) de 2018, documento exigido pelas autoridades de tr\u00e2nsito para a circula\u00e7\u00e3o dentro do territ\u00f3rio nacional.<\/p>\n<p>Para receber o CRLV, o propriet\u00e1rio de ve\u00edculo tamb\u00e9m dever\u00e1 ter quitado o Imposto sobre a Propriedade de Ve\u00edculos Automotores (IPVA), o Seguro DPVAT e eventuais multas de tr\u00e2nsito.<\/p>\n<p>Assim como o IPVA, a quita\u00e7\u00e3o da TRLAV pode ser feita diretamente nos agentes arrecadadores (Caixa Econ\u00f4mica Federal, Sicoob, Santander e Mercantil do Brasil), informando o n\u00famero do Renavam, ou nas casas lot\u00e9ricas, Mais BB e Banco Postal, com o Documento de Arrecada\u00e7\u00e3o Estadual (DAE), que deve ser emitido no site da Secretaria de Estado de Fazenda (SEF). Alguns bancos tamb\u00e9m disponibilizam o pagamento aos correntistas pela internet.<\/p>\n<p>O pagamento em atraso da TRLAV acarreta multa de 0,15% ao dia at\u00e9 o 30\u00ba dia, 9% do 31\u00ba at\u00e9 o 60\u00ba e 12%, a partir do 61\u00ba dia, al\u00e9m de juros calculados pela taxa referencial do Sistema Especial de Liquida\u00e7\u00e3o e Custodia (Selic).<\/p>\n<p>A expectativa de arrecada\u00e7\u00e3o da TRLAV para 2018 \u00e9 de R$ 907 milh\u00f5es &#8211; aumento de R$ 25 milh\u00f5es (2,94%) em rela\u00e7\u00e3o a 2017.<\/p>\n<h4>SERVIDORES P\u00daBLICOS<\/h4>\n<p>Os servidores p\u00fablicos do Executivo estadual que tiveram o pagamento do 13\u00ba sal\u00e1rio de 2017 parcelado em quatro vezes devem ficar atentos ao vencimento da Taxa de Licenciamento. O pagamento para o funcionalismo tamb\u00e9m deve ser feito no dia 2 de abril. O alerta se faz necess\u00e1rio, uma vez que somente o pagamento do Imposto sobre a Propriedade de Ve\u00edculos Automotores (IPVA) e do Seguro Dpvat foi postergado para o dia 19 de abril.<\/p>\n<p>Fonte: Ag\u00eancia Minas<\/p>\n","protected":false},"excerpt":{"rendered":"<p>Vence na pr\u00f3xima segunda-feira, 2, a Taxa de Renova\u00e7\u00e3o do Licenciamento Anual de Ve\u00edculo (TRLAV) 2018. No valor de R$ 92,66, o pagamento da TRLAV \u00e9 necess\u00e1rio para obten\u00e7\u00e3o do Certificado de Registro e Licenciamento de Ve\u00edculo (CRLV) de 2018, documento exigido pelas autoridades de tr\u00e2nsito para a circula\u00e7\u00e3o dentro do territ\u00f3rio nacional. Para receber [&hellip;]<\/p>\n","protected":false},"author":96,"featured_media":94917,"comment_status":"closed","ping_status":"closed","sticky":false,"template":"","format":"standard","meta":{"footnotes":""},"categories":[302],"tags":[],"class_list":["post-94918","post","type-post","status-publish","format-standard","has-post-thumbnail","hentry","category-brasil-mundo"],"_links":{"self":[{"href":"https:\/\/diarioregionaldigital.com.br\/index.php?rest_route=\/wp\/v2\/posts\/94918","targetHints":{"allow":["GET"]}}],"collection":[{"href":"https:\/\/diarioregionaldigital.com.br\/index.php?rest_route=\/wp\/v2\/posts"}],"about":[{"href":"https:\/\/diarioregionaldigital.com.br\/index.php?rest_route=\/wp\/v2\/types\/post"}],"author":[{"embeddable":true,"href":"https:\/\/diarioregionaldigital.com.br\/index.php?rest_route=\/wp\/v2\/users\/96"}],"replies":[{"embeddable":true,"href":"https:\/\/diarioregionaldigital.com.br\/index.php?rest_route=%2Fwp%2Fv2%2Fcomments&post=94918"}],"version-history":[{"count":0,"href":"https:\/\/diarioregionaldigital.com.br\/index.php?rest_route=\/wp\/v2\/posts\/94918\/revisions"}],"wp:featuredmedia":[{"embeddable":true,"href":"https:\/\/diarioregionaldigital.com.br\/index.php?rest_route=\/wp\/v2\/media\/94917"}],"wp:attachment":[{"href":"https:\/\/diarioregionaldigital.com.br\/index.php?rest_route=%2Fwp%2Fv2%2Fmedia&parent=94918"}],"wp:term":[{"taxonomy":"category","embeddable":true,"href":"https:\/\/diarioregionaldigital.com.br\/index.php?rest_route=%2Fwp%2Fv2%2Fcategories&post=94918"},{"taxonomy":"post_tag","embeddable":true,"href":"https:\/\/diarioregionaldigital.com.br\/index.php?rest_route=%2Fwp%2Fv2%2Ftags&post=94918"}],"curies":[{"name":"wp","href":"https:\/\/api.w.org\/{rel}","templated":true}]}}