{"id":94914,"date":"2018-03-31T12:17:15","date_gmt":"2018-03-31T15:17:15","guid":{"rendered":"http:\/\/diarioregionaljf.com.br\/2018\/03\/31\/rosa-weber-nega-pedido-de-liberdade-de-antonio-grecco-da-rodrimar\/"},"modified":"2018-03-31T12:17:15","modified_gmt":"2018-03-31T15:17:15","slug":"rosa-weber-nega-pedido-de-liberdade-de-antonio-grecco-da-rodrimar","status":"publish","type":"post","link":"https:\/\/diarioregionaldigital.com.br\/?p=94914","title":{"rendered":"Rosa Weber nega pedido de liberdade de Antonio Grecco, da Rodrimar"},"content":{"rendered":"<p>A minista Rosa Weber, do Supremo Tribunal Federal (STF), negou no in\u00edcio da noite dessa sexta-feira, 30, o pedido de habeas corpus (HC) protolocado pela defesa do empres\u00e1rio Antonio Grecco, preso ontem pela Pol\u00edcia Federal no \u00e2mbito da Opera\u00e7\u00e3o Skala.<\/p>\n<p>Segundo o despacho da ministra, respons\u00e1vel pelo plant\u00e3o Judici\u00e1rio no Supremo durante o feriado, &#8220;o presente HC, em qualquer hip\u00f3tese, n\u00e3o se presta, manifesta a adequa\u00e7\u00e3o da via eleita, para a aprecia\u00e7\u00e3o da tese defensiva com vista \u00e0 revoga\u00e7\u00e3o da decis\u00e3o de pris\u00e3o&#8221;. A magistrada ressaltou que existem peti\u00e7\u00f5es avulsas da defesa do empres\u00e1rio que ainda est\u00e3o pendentes de an\u00e1lise pelo relator do inqu\u00e9rito, que \u00e9 o ministro Lu\u00eds Roberto Barroso.<\/p>\n<p>A pris\u00e3o de Antonio Grecco, que \u00e9 tempor\u00e1ria (v\u00e1lida por cinco dias), foi decretada pelo ministro Lu\u00eds Roberto Barroso, que \u00e9 o relator da investiga\u00e7\u00e3o sobre o Decreto dos Portos, no STF. Para a Procuradoria Geral da Rep\u00fablica (PGR), que pediu a pris\u00e3o dele e de outras 12 pessoas envolvidas no caso, Grecco \u00e9 tido como o principal articulador do esquema entre empres\u00e1rios do setor portu\u00e1rio de Santos (SP) e agentes p\u00fablicos para a aprova\u00e7\u00e3o da lei, que ampliou o prazo para as concess\u00f5es de \u00e1reas portu\u00e1rias de 25 para 35 anos, podendo ser prorrogado por mais 35 anos, o que favoreceria as empresas.<\/p>\n<p>Para a defesa de Antonio Grecco, a pris\u00e3o do empres\u00e1rio \u00e9 &#8220;abusiva&#8221;. &#8220;Usar (&#8230;) a pris\u00e3o tempor\u00e1ria com o fim de confrontar vers\u00f5es e depoimentos dos investigados, numa esp\u00e9cie de depoimento obrigat\u00f3rio, reveste-se de m\u00e9todo bastante perverso de contornar a proibi\u00e7\u00e3o da condu\u00e7\u00e3o coercitiva&#8221;, diz um trecho do pedido de habeas corpus.<\/p>\n<p>Fonte: Ag\u00eancia Brasil<\/p>\n","protected":false},"excerpt":{"rendered":"<p>A minista Rosa Weber, do Supremo Tribunal Federal (STF), negou no in\u00edcio da noite dessa sexta-feira, 30, o pedido de habeas corpus (HC) protolocado pela defesa do empres\u00e1rio Antonio Grecco, preso ontem pela Pol\u00edcia Federal no \u00e2mbito da Opera\u00e7\u00e3o Skala. Segundo o despacho da ministra, respons\u00e1vel pelo plant\u00e3o Judici\u00e1rio no Supremo durante o feriado, &#8220;o [&hellip;]<\/p>\n","protected":false},"author":96,"featured_media":94913,"comment_status":"closed","ping_status":"closed","sticky":false,"template":"","format":"standard","meta":{"footnotes":""},"categories":[254],"tags":[],"class_list":["post-94914","post","type-post","status-publish","format-standard","has-post-thumbnail","hentry","category-politica"],"_links":{"self":[{"href":"https:\/\/diarioregionaldigital.com.br\/index.php?rest_route=\/wp\/v2\/posts\/94914","targetHints":{"allow":["GET"]}}],"collection":[{"href":"https:\/\/diarioregionaldigital.com.br\/index.php?rest_route=\/wp\/v2\/posts"}],"about":[{"href":"https:\/\/diarioregionaldigital.com.br\/index.php?rest_route=\/wp\/v2\/types\/post"}],"author":[{"embeddable":true,"href":"https:\/\/diarioregionaldigital.com.br\/index.php?rest_route=\/wp\/v2\/users\/96"}],"replies":[{"embeddable":true,"href":"https:\/\/diarioregionaldigital.com.br\/index.php?rest_route=%2Fwp%2Fv2%2Fcomments&post=94914"}],"version-history":[{"count":0,"href":"https:\/\/diarioregionaldigital.com.br\/index.php?rest_route=\/wp\/v2\/posts\/94914\/revisions"}],"wp:featuredmedia":[{"embeddable":true,"href":"https:\/\/diarioregionaldigital.com.br\/index.php?rest_route=\/wp\/v2\/media\/94913"}],"wp:attachment":[{"href":"https:\/\/diarioregionaldigital.com.br\/index.php?rest_route=%2Fwp%2Fv2%2Fmedia&parent=94914"}],"wp:term":[{"taxonomy":"category","embeddable":true,"href":"https:\/\/diarioregionaldigital.com.br\/index.php?rest_route=%2Fwp%2Fv2%2Fcategories&post=94914"},{"taxonomy":"post_tag","embeddable":true,"href":"https:\/\/diarioregionaldigital.com.br\/index.php?rest_route=%2Fwp%2Fv2%2Ftags&post=94914"}],"curies":[{"name":"wp","href":"https:\/\/api.w.org\/{rel}","templated":true}]}}