{"id":94912,"date":"2018-03-31T12:07:44","date_gmt":"2018-03-31T15:07:44","guid":{"rendered":"http:\/\/diarioregionaljf.com.br\/2018\/03\/31\/mineradora-anglo-american-paralisa-atividades-apos-novo-rompimento-de-mineroduto\/"},"modified":"2018-03-31T12:07:44","modified_gmt":"2018-03-31T15:07:44","slug":"mineradora-anglo-american-paralisa-atividades-apos-novo-rompimento-de-mineroduto","status":"publish","type":"post","link":"https:\/\/diarioregionaldigital.com.br\/?p=94912","title":{"rendered":"Mineradora Anglo American paralisa atividades ap\u00f3s novo rompimento de mineroduto"},"content":{"rendered":"<p>A Mineradora Anglo American informou nessa sexta-feira, 30, que voltou a paralisar as atividades desde quinta-feira, 29, ap\u00f3s registrar um novo vazamento, 17 dias depois de um primeiro caso que levou \u00e0 polui\u00e7\u00e3o de um manancial em Minas Gerais.<\/p>\n<p>A paralisa\u00e7\u00e3o durar\u00e1 um m\u00eas, enquanto a empresa realiza testes de seguran\u00e7a no mineroduto do Minas-Rio, que percorre 529 quil\u00f4metros entre Concei\u00e7\u00e3o do Mato Dentro (MG) e o porto do A\u00e7u, em S\u00e3o Jo\u00e3o da Barra (RJ).<\/p>\n<p>\u201cA decis\u00e3o foi tomada em fun\u00e7\u00e3o do vazamento ocorrido ontem no mineroduto da empresa, em ponto 400 metros \u00e0 frente do anterior, na Esta\u00e7\u00e3o de Bombas 2, em Santo Ant\u00f4nio do Grama (MG). O evento durou entre cinco e oito minutos. N\u00e3o houve feridos\u201d, explica o presidente da empresa, Ruben Fernandes, em nota divulgada pela Anglo American.<\/p>\n<p>A empresa n\u00e3o chegou a retomar a capacidade total de opera\u00e7\u00e3o, desde o rein\u00edcio das atividades, na noite de ter\u00e7a-feira (27). &#8220;O segundo incidente muda o plano de inspe\u00e7\u00e3o, que agora passa a ser muito mais minucioso\u201d, diz Fernandes no comunicado.<\/p>\n<p>Em paralelo \u00e0 decis\u00e3o da empresa, a Anglo American tamb\u00e9m foi notificada pelo Instituto Brasileiro do Meio Ambiente e dos Recursos Naturais Renov\u00e1veis (Ibama), solicitando a paralisa\u00e7\u00e3o das atividades at\u00e9 novo laudo t\u00e9cnico do \u00f3rg\u00e3o.<\/p>\n<h4>SEGUNDO VAZAMENTO<\/h4>\n<p>O segundo vazamento levou cerca de 174 toneladas de polpa de min\u00e9rio, composta por 30% de \u00e1gua e 70% de min\u00e9rio ao ribeir\u00e3o Santo Ant\u00f4nio do Grama. Segundo a empresa, o material n\u00e3o \u00e9 considerado perigoso pela Associa\u00e7\u00e3o Brasileira de Normas T\u00e9cnicas (ABNT). No primeiro vazamento, tinham sido despejadas 300 toneladas de min\u00e9rio.<\/p>\n<p>Dessa vez, no entanto, o abastecimento do munic\u00edpio de Santo Ant\u00f4nio do Grama (MG), com popula\u00e7\u00e3o de aproximadamente 4,2 mil pessoas, n\u00e3o foi afetado, uma vez que a ocorr\u00eancia de 17 dias atr\u00e1s levou a mineradora a instalar uma adutora para capta\u00e7\u00e3o no C\u00f3rrego do Salgado.<\/p>\n<h4>F\u00c9RIAS COLETIVAS<\/h4>\n<p>Com a opera\u00e7\u00e3o paralisada, a empresa dar\u00e1 f\u00e9rias coletivas a parte dos empregados da opera\u00e7\u00e3o, especialmente os da mina e da planta de beneficiamento, em Concei\u00e7\u00e3o do Mato Dentro. \u201cA decis\u00e3o est\u00e1 sendo conversada com os \u00f3rg\u00e3os competentes e negociada com o Sindicato. Todas as equipes e equipamentos respons\u00e1veis por garantir a integridade das opera\u00e7\u00f5es permanecer\u00e3o trabalhando\u201d, diz Fernandes em nota.<\/p>\n<p>Em decorr\u00eancia do primeiro rompimento, a Secretaria de Meio-Ambiente e Desenvolvimento Sustent\u00e1vel de Minas Gerais (Semad) deu \u00e0 mineradora um prazo at\u00e9 o dia 31 de mar\u00e7o para recolher o min\u00e9rio que vazou e sedimentou na calha e nas margens do Ribeir\u00e3o Ant\u00f4nio do Grama.<\/p>\n<p>Como parte das a\u00e7\u00f5es, a empresa informou que foram colocados 36 barramentos no c\u00f3rrego Santo Ant\u00f4nio do Grama e uma equipe de mais de 200 pessoas continua a retirar a polpa de min\u00e9rio da calha do rio e de suas margens.<\/p>\n<p>Fonte: Ag\u00eancia Brasil<\/p>\n","protected":false},"excerpt":{"rendered":"<p>A Mineradora Anglo American informou nessa sexta-feira, 30, que voltou a paralisar as atividades desde quinta-feira, 29, ap\u00f3s registrar um novo vazamento, 17 dias depois de um primeiro caso que levou \u00e0 polui\u00e7\u00e3o de um manancial em Minas Gerais. A paralisa\u00e7\u00e3o durar\u00e1 um m\u00eas, enquanto a empresa realiza testes de seguran\u00e7a no mineroduto do Minas-Rio, [&hellip;]<\/p>\n","protected":false},"author":96,"featured_media":94911,"comment_status":"closed","ping_status":"closed","sticky":false,"template":"","format":"standard","meta":{"footnotes":""},"categories":[252],"tags":[],"class_list":["post-94912","post","type-post","status-publish","format-standard","has-post-thumbnail","hentry","category-regiao"],"_links":{"self":[{"href":"https:\/\/diarioregionaldigital.com.br\/index.php?rest_route=\/wp\/v2\/posts\/94912","targetHints":{"allow":["GET"]}}],"collection":[{"href":"https:\/\/diarioregionaldigital.com.br\/index.php?rest_route=\/wp\/v2\/posts"}],"about":[{"href":"https:\/\/diarioregionaldigital.com.br\/index.php?rest_route=\/wp\/v2\/types\/post"}],"author":[{"embeddable":true,"href":"https:\/\/diarioregionaldigital.com.br\/index.php?rest_route=\/wp\/v2\/users\/96"}],"replies":[{"embeddable":true,"href":"https:\/\/diarioregionaldigital.com.br\/index.php?rest_route=%2Fwp%2Fv2%2Fcomments&post=94912"}],"version-history":[{"count":0,"href":"https:\/\/diarioregionaldigital.com.br\/index.php?rest_route=\/wp\/v2\/posts\/94912\/revisions"}],"wp:featuredmedia":[{"embeddable":true,"href":"https:\/\/diarioregionaldigital.com.br\/index.php?rest_route=\/wp\/v2\/media\/94911"}],"wp:attachment":[{"href":"https:\/\/diarioregionaldigital.com.br\/index.php?rest_route=%2Fwp%2Fv2%2Fmedia&parent=94912"}],"wp:term":[{"taxonomy":"category","embeddable":true,"href":"https:\/\/diarioregionaldigital.com.br\/index.php?rest_route=%2Fwp%2Fv2%2Fcategories&post=94912"},{"taxonomy":"post_tag","embeddable":true,"href":"https:\/\/diarioregionaldigital.com.br\/index.php?rest_route=%2Fwp%2Fv2%2Ftags&post=94912"}],"curies":[{"name":"wp","href":"https:\/\/api.w.org\/{rel}","templated":true}]}}