{"id":94908,"date":"2018-03-29T23:35:02","date_gmt":"2018-03-30T02:35:02","guid":{"rendered":"http:\/\/diarioregionaljf.com.br\/2018\/03\/29\/cresca-e-permaneca-com-planejamento-empresarial-2-parte\/"},"modified":"2018-03-29T23:35:02","modified_gmt":"2018-03-30T02:35:02","slug":"cresca-e-permaneca-com-planejamento-empresarial-2-parte","status":"publish","type":"post","link":"https:\/\/diarioregionaldigital.com.br\/?p=94908","title":{"rendered":"Cres\u00e7a e permane\u00e7a com Planejamento Empresarial \u2013 2\u00aa parte"},"content":{"rendered":"<p>Na coluna anterior, falamos da import\u00e2ncia do planejamento empresarial. Traremos hoje algumas ferramentas muito \u00fateis para que isso seja realizado.<br \/>Tire algumas horas do dia, e analise cada passo que segue:<\/p>\n<h4>1\u00ba \u2013 defina o objetivo. Claro e mensur\u00e1vel. Por exemplo, baseie-se nos n\u00fameros do mesmo per\u00edodo do ano passado e estabele\u00e7a a partir da\u00ed. Vendeu X no ano passado, estabele\u00e7a 20% acima.<\/h4>\n<p>&nbsp;<\/p>\n<h4>2\u00ba \u2013 treine a sua equipe, ela deve saber pre\u00e7o de tudo. Saber o papel de cada um. Saber o que tem no estoque. Saber muito sobre o produto. A equipe deve estar atenta a cada cliente.<\/h4>\n<p>&nbsp;<\/p>\n<h4>3\u00ba \u2013 prepare seu estoque. Tudo deve estar na loja pronto para o uso imediato. Cuidado com caixas vazias no estoque para evitar perdas e a no\u00e7\u00e3o falsa de estoque cheio, ou seja, cuidado para \u201cachar\u201d que tem estoque.<\/h4>\n<p>&nbsp;<\/p>\n<h4>4\u00ba \u2013 antecipe feriados, datas especiais. Aten\u00e7\u00e3o para folgas de funcion\u00e1rios, pe\u00e7as de marketing e estoque nesses dias. Evite correria e tenha uma opera\u00e7\u00e3o que seja focada no cliente.<\/h4>\n<p>&nbsp;<\/p>\n<h4>5\u00ba \u2013 estabele\u00e7a o or\u00e7amento para as a\u00e7\u00f5es.<\/h4>\n<p>&nbsp;<\/p>\n<h4>6\u00ba \u2013 escreva tudo isso. Tenha um caderno com todas as ideias sobre o seu neg\u00f3cio e uma parte espec\u00edfica para planos de como vender mais. Releia e perceba falhas ou algum funil que pode atrapalhar. Mantenha esse caderno com voc\u00ea.<\/h4>\n<p>&nbsp;<\/p>\n<h4>7\u00ba passo \u2013 acompanhe o progresso de vendas, DRE, feedback de clientes, e assim, voc\u00ea ter\u00e1 base para outros anos.<\/h4>\n<p>&nbsp;<\/p>\n<p>Falaremos mais na 3\u00aa parte desta coluna! Sucesso e at\u00e9 breve!<\/p>\n<hr \/>\n<p><strong>&nbsp;<\/strong><img loading=\"lazy\" decoding=\"async\" class=\" size-full wp-image-94907\" src=\"http:\/\/diarioregionaljf.com.br\/wp-content\/uploads\/2018\/03\/diario-int-25567-1.JPG\" alt=\"Rog\u00e9rio Paschoalino.JPG\" width=\"211\" height=\"303\" srcset=\"https:\/\/diarioregionaldigital.com.br\/wp-content\/uploads\/2018\/03\/diario-int-25567-1.JPG 313w, https:\/\/diarioregionaldigital.com.br\/wp-content\/uploads\/2018\/03\/diario-int-25567-1-209x300.jpg 209w\" sizes=\"auto, (max-width: 211px) 100vw, 211px\" \/><\/p>\n<p><strong>Rog\u00e9rio Paschoalino, Administrador, MBA em Administra\u00e7\u00e3o Estrat\u00e9gica, Consultor de Empresas e Diretor do Conselho Jovem da Associa\u00e7\u00e3o Comercial e Industrial de Juiz de Fora.<\/strong><\/p>\n","protected":false},"excerpt":{"rendered":"<p>Na coluna anterior, falamos da import\u00e2ncia do planejamento empresarial. Traremos hoje algumas ferramentas muito \u00fateis para que isso seja realizado.Tire algumas horas do dia, e analise cada passo que segue: 1\u00ba \u2013 defina o objetivo. Claro e mensur\u00e1vel. Por exemplo, baseie-se nos n\u00fameros do mesmo per\u00edodo do ano passado e estabele\u00e7a a partir da\u00ed. Vendeu [&hellip;]<\/p>\n","protected":false},"author":96,"featured_media":94906,"comment_status":"closed","ping_status":"closed","sticky":false,"template":"","format":"standard","meta":{"footnotes":""},"categories":[300],"tags":[],"class_list":["post-94908","post","type-post","status-publish","format-standard","has-post-thumbnail","hentry","category-coaches-club"],"_links":{"self":[{"href":"https:\/\/diarioregionaldigital.com.br\/index.php?rest_route=\/wp\/v2\/posts\/94908","targetHints":{"allow":["GET"]}}],"collection":[{"href":"https:\/\/diarioregionaldigital.com.br\/index.php?rest_route=\/wp\/v2\/posts"}],"about":[{"href":"https:\/\/diarioregionaldigital.com.br\/index.php?rest_route=\/wp\/v2\/types\/post"}],"author":[{"embeddable":true,"href":"https:\/\/diarioregionaldigital.com.br\/index.php?rest_route=\/wp\/v2\/users\/96"}],"replies":[{"embeddable":true,"href":"https:\/\/diarioregionaldigital.com.br\/index.php?rest_route=%2Fwp%2Fv2%2Fcomments&post=94908"}],"version-history":[{"count":0,"href":"https:\/\/diarioregionaldigital.com.br\/index.php?rest_route=\/wp\/v2\/posts\/94908\/revisions"}],"wp:featuredmedia":[{"embeddable":true,"href":"https:\/\/diarioregionaldigital.com.br\/index.php?rest_route=\/wp\/v2\/media\/94906"}],"wp:attachment":[{"href":"https:\/\/diarioregionaldigital.com.br\/index.php?rest_route=%2Fwp%2Fv2%2Fmedia&parent=94908"}],"wp:term":[{"taxonomy":"category","embeddable":true,"href":"https:\/\/diarioregionaldigital.com.br\/index.php?rest_route=%2Fwp%2Fv2%2Fcategories&post=94908"},{"taxonomy":"post_tag","embeddable":true,"href":"https:\/\/diarioregionaldigital.com.br\/index.php?rest_route=%2Fwp%2Fv2%2Ftags&post=94908"}],"curies":[{"name":"wp","href":"https:\/\/api.w.org\/{rel}","templated":true}]}}