{"id":94890,"date":"2018-03-29T21:48:26","date_gmt":"2018-03-30T00:48:26","guid":{"rendered":"http:\/\/diarioregionaljf.com.br\/2018\/03\/29\/fashion-news-1-de-abril-de-2018\/"},"modified":"2018-03-29T21:48:26","modified_gmt":"2018-03-30T00:48:26","slug":"fashion-news-1-de-abril-de-2018","status":"publish","type":"post","link":"https:\/\/diarioregionaldigital.com.br\/?p=94890","title":{"rendered":"FASHION NEWS &#8211; 1\u00ba de abril de 2018"},"content":{"rendered":"<h4 style=\"text-align: center;\">SUPREME X NAN GOLDIN<\/h4>\n<p style=\"text-align: center;\">A Supreme est\u00e1 sempre&nbsp;lan\u00e7ando linhas em&nbsp;parceria com artistas e&nbsp;a sua mais nova escolha&nbsp;\u00e9 um tanto curiosa: Nan&nbsp;Goldin. Fotos famosas&nbsp;da fot\u00f3grafa, conhecida&nbsp;por seu registro da cena&nbsp;gay em Nova York nos&nbsp;anos 70 a 90, estampam&nbsp;moletons, jaquetas,&nbsp;camisetas e skates!&nbsp;Segundo a marca \u201clan\u00e7ar&nbsp;esse projeto com&nbsp;Nan Goldin \u00e9 celebrar a&nbsp;diversidade que seu trabalho&nbsp;representa e mostrar&nbsp;isso aos jovens de&nbsp;hoje\u201d. As pe\u00e7as est\u00e3o&nbsp;\u00e0 venda desde quinta-feira dia 29\/03 nas lojas&nbsp;da marca nos Estados&nbsp;Unidos e online.<\/p>\n<p><img loading=\"lazy\" decoding=\"async\" class=\" size-full wp-image-94884\" src=\"http:\/\/diarioregionaljf.com.br\/wp-content\/uploads\/2018\/03\/diario-int-25562-1.jpg\" alt=\"SUPREME X NAN GOLDIN.jpg\" style=\"display: block; margin-left: auto; margin-right: auto;\" width=\"680\" height=\"425\" srcset=\"https:\/\/diarioregionaldigital.com.br\/wp-content\/uploads\/2018\/03\/diario-int-25562-1.jpg 680w, https:\/\/diarioregionaldigital.com.br\/wp-content\/uploads\/2018\/03\/diario-int-25562-1-300x188.jpg 300w, https:\/\/diarioregionaldigital.com.br\/wp-content\/uploads\/2018\/03\/diario-int-25562-1-360x225.jpg 360w\" sizes=\"auto, (max-width: 680px) 100vw, 680px\" \/><\/p>\n<hr \/>\n<h4 style=\"text-align: center;\">&nbsp;VIRGIL ABLOH<\/h4>\n<p><img loading=\"lazy\" decoding=\"async\" class=\" size-full wp-image-94885\" src=\"http:\/\/diarioregionaljf.com.br\/wp-content\/uploads\/2018\/03\/diario-int-25562-2.jpg\" alt=\"VIRGIL ABLOH.jpg\" style=\"display: block; margin-left: auto; margin-right: auto;\" width=\"680\" height=\"363\" srcset=\"https:\/\/diarioregionaldigital.com.br\/wp-content\/uploads\/2018\/03\/diario-int-25562-2.jpg 680w, https:\/\/diarioregionaldigital.com.br\/wp-content\/uploads\/2018\/03\/diario-int-25562-2-300x160.jpg 300w, https:\/\/diarioregionaldigital.com.br\/wp-content\/uploads\/2018\/03\/diario-int-25562-2-360x192.jpg 360w\" sizes=\"auto, (max-width: 680px) 100vw, 680px\" \/><\/p>\n<p style=\"text-align: center;\">Abloh foi nomeado o&nbsp;novo director criativo&nbsp;do masculine da Louis&nbsp;Vuitton, realizando seu&nbsp;sonho de ser diretor&nbsp;criativo de uma grande&nbsp;maison de moda, como&nbsp;o pr\u00f3prio j\u00e1 disse em&nbsp;entrevista. Ele assume&nbsp;o lugar ap\u00f3s a sa\u00edda&nbsp;de Kim Jones e \u00e9 o primeiro&nbsp;estilista negro a&nbsp;ocupar o cargo na Louis&nbsp;Vuitton. Dessa forma, a&nbsp;marca mant\u00e9m a pegada&nbsp;streetwear, seguindo&nbsp;a linha que Jones vinha&nbsp;trabalhando na marca.<\/p>\n<hr \/>\n<h4 style=\"text-align: center;\">&nbsp;SPFW<\/h4>\n<p style=\"text-align: center;\">A cada edi\u00e7\u00e3o da atual&nbsp;semana de moda mais&nbsp;badalada da Am\u00e9rica&nbsp;Latina, uma personalidade&nbsp;relevante no&nbsp;mundo da moda \u00e9 homenageada.&nbsp;Este ano,&nbsp;Conrado Segreto, um&nbsp;estilista que teve uma&nbsp;carreira curta, por\u00e9m de&nbsp;grandes feitos, \u00e9 o nome&nbsp;que recebe as homenagens do evento. Segreto&nbsp;apresentou apenas&nbsp;quatro desfiles, que&nbsp;foram suficientes para&nbsp;destacar a criatividade&nbsp;e ousadia do designer.&nbsp;Mais informa\u00e7\u00f5es sobre&nbsp;o homenageado est\u00e3o&nbsp;no livro \u201cConrado Segreto- Moda e Paix\u00e3o\u201d,&nbsp;lan\u00e7ado em dezembro&nbsp;de 2012.<\/p>\n<p><img loading=\"lazy\" decoding=\"async\" class=\" size-full wp-image-94886\" src=\"http:\/\/diarioregionaljf.com.br\/wp-content\/uploads\/2018\/03\/diario-int-25562-3.jpg\" alt=\"SPFW.jpg\" style=\"display: block; margin-left: auto; margin-right: auto;\" width=\"613\" height=\"450\" srcset=\"https:\/\/diarioregionaldigital.com.br\/wp-content\/uploads\/2018\/03\/diario-int-25562-3.jpg 613w, https:\/\/diarioregionaldigital.com.br\/wp-content\/uploads\/2018\/03\/diario-int-25562-3-300x220.jpg 300w, https:\/\/diarioregionaldigital.com.br\/wp-content\/uploads\/2018\/03\/diario-int-25562-3-360x264.jpg 360w\" sizes=\"auto, (max-width: 613px) 100vw, 613px\" \/><\/p>\n<hr \/>\n<h4 style=\"text-align: center;\">&nbsp;PAPO DE GENTE GRANDE<\/h4>\n<p style=\"text-align: center;\"><img loading=\"lazy\" decoding=\"async\" class=\" size-full wp-image-94887\" src=\"http:\/\/diarioregionaljf.com.br\/wp-content\/uploads\/2018\/03\/diario-int-25562-4.jpg\" alt=\"PAPO DE GENTE GRANDE.jpg\" style=\"display: block; margin-left: auto; margin-right: auto;\" width=\"461\" height=\"450\" srcset=\"https:\/\/diarioregionaldigital.com.br\/wp-content\/uploads\/2018\/03\/diario-int-25562-4.jpg 461w, https:\/\/diarioregionaldigital.com.br\/wp-content\/uploads\/2018\/03\/diario-int-25562-4-300x293.jpg 300w, https:\/\/diarioregionaldigital.com.br\/wp-content\/uploads\/2018\/03\/diario-int-25562-4-360x351.jpg 360w\" sizes=\"auto, (max-width: 461px) 100vw, 461px\" \/>Na sexta-feira, 23 de&nbsp;mar\u00e7o, os experts Vanessa&nbsp;Rozan, Fabi Gomes&nbsp;e Vitor Mariella,&nbsp;que comp\u00f5em o time&nbsp;do @liceudemaquiagem,&nbsp;bateram um papo&nbsp;ao vivo com seu p\u00fablico&nbsp;do INSTAGRAM, o&nbsp;que rendeu boas dicas&nbsp;e boas reflex\u00f5es sobre&nbsp;moda e beleza no mundo&nbsp;atual.&nbsp;Sobre mundo virtual&nbsp;x mundo real, os maquiadores&nbsp;destacaram&nbsp;o qu\u00e3o apelativa s\u00e3o as&nbsp;maquiagens para fotos&nbsp;e editoriais, e o exagero&nbsp;principalmente no contorno&nbsp;e no iluminador,&nbsp;n\u00e3o funcionam para o&nbsp;dia a dia. Outro assunto&nbsp;legal, que me chamou&nbsp;a aten\u00e7\u00e3o, foi sobre a&nbsp;diferen\u00e7a da maquiagem&nbsp;de quando eles iniciaram a carreira para&nbsp;as dos dias atuais. \u201cO&nbsp;mundo mudou. Antes&nbsp;era make de inverno e&nbsp;ver\u00e3o, hoje \u00e9 mais individual\u201d,&nbsp;afirmou Rozan.&nbsp;Fabi Gomes destacou&nbsp;a fidelidade da cor da&nbsp;pele, mais harm\u00f4nica.&nbsp;Por fim, os maquiadores&nbsp;discutiram sobre&nbsp;tend\u00eancias e bateram&nbsp;na tecla de que esta&nbsp;palavra n\u00e3o faz sentido&nbsp;com a realidade que&nbsp;n\u00f3s estamos vivendo.&nbsp;Quer em mais informa\u00e7\u00f5es&nbsp;de qualidade&nbsp;sobre beleza? Sigam&nbsp;o Liceu no Instagram&nbsp;e acompanhem o canal&nbsp;\u201cMeu Glitter Minha&nbsp;Vida\u201d no YouTube. E fiquem&nbsp;de olho, pois volta&nbsp;e meia tem live com boa&nbsp;inje\u00e7\u00e3o de \u00e2nimo do&nbsp;time nas redes sociais.<\/p>\n<hr \/>\n<h4 style=\"text-align: center;\">TRENDS<\/h4>\n<ul>\n<li>\n<h5>PO\u00c1<\/h5>\n<\/li>\n<\/ul>\n<p style=\"text-align: center;\">As \u201cbolinhas\u201d, queridinhas dos anos 60 retornam \u00e0s ruas depois de diversas gera\u00e7\u00f5es, deixando qualquer look mais fashion e \u00e0 la french girl. Combinado com cal\u00e7a jeans, a estampa d\u00e1 o toque que faltava, tirando a produ\u00e7\u00e3o do \u00f3bvio, por\u00e9m, se voc\u00ea n\u00e3o tem medo de ousar, vale combinar o po\u00e1 com outra estampa, pode ser com listras ou at\u00e9 mesmo um floral, seguindo a mesma cartela de cores.<\/p>\n<p><img loading=\"lazy\" decoding=\"async\" class=\" size-full wp-image-94888\" src=\"http:\/\/diarioregionaljf.com.br\/wp-content\/uploads\/2018\/03\/diario-int-25562-5.jpg\" alt=\"PO\u00c1.jpg\" style=\"display: block; margin-left: auto; margin-right: auto;\" width=\"318\" height=\"450\" srcset=\"https:\/\/diarioregionaldigital.com.br\/wp-content\/uploads\/2018\/03\/diario-int-25562-5.jpg 318w, https:\/\/diarioregionaldigital.com.br\/wp-content\/uploads\/2018\/03\/diario-int-25562-5-212x300.jpg 212w\" sizes=\"auto, (max-width: 318px) 100vw, 318px\" \/><\/p>\n<hr \/>\n<h4 style=\"text-align: center;\">&nbsp;RADAR JF<\/h4>\n<h5>#FASHION DAYS<\/h5>\n<p>Nos dias 12 e 13 de abril,&nbsp;o desfile mais tradicional da&nbsp;cidade vai ganhar as passarelas&nbsp;do Mister Shopping.&nbsp;Al\u00e9m das tend\u00eancias de outono&nbsp;inverno, egressos do&nbsp;Curso de Design de Moda&nbsp;da Est\u00e1cio ir\u00e3o apresentar&nbsp;suas cria\u00e7\u00f5es em comemora\u00e7\u00e3o&nbsp;aos 10 anos do&nbsp;curso. Uma produ\u00e7\u00e3o Done&nbsp;Produtora de Eventos.<\/p>\n<h5>#MOHDA A 2<\/h5>\n<p>As aulas do Instituto&nbsp;Mohda A 2 retornam no&nbsp;pr\u00f3ximo dia 2 de abril. Forma\u00e7\u00e3o&nbsp;e especializa\u00e7\u00e3o em&nbsp;moda com Aline Firjam e&nbsp;esta colunista. Imperd\u00edvel!<\/p>\n<h5>#Ap. da Moda<\/h5>\n<p>A partir desta semana,&nbsp;passa a funcionar o Ap.&nbsp;da Moda, espa\u00e7o multiuso&nbsp;onde a moda acontece:&nbsp;consultoria e coaching de<br \/>imagem, cursos, fotografia&nbsp;e muita inven\u00e7\u00e3o de&nbsp;moda! Rua Renato Dias,&nbsp;n\u00b0 405, Bom Pastor.<\/p>\n<h5>#QUEM L\u00ca SABE MAIS<\/h5>\n<p>Em Personal Branding,&nbsp;construindo sua marca&nbsp;pessoal, Arthur Bender&nbsp;prop\u00f5e uma discuss\u00e3o&nbsp;sobre a cria\u00e7\u00e3o de marca&nbsp;pessoal. Praticamente um&nbsp;manual para gerenciamento&nbsp;eficaz da pr\u00f3pria marca&nbsp;pessoal.<\/p>\n<hr \/>\n<h4 style=\"text-align: center;\">&nbsp;P\u00cdLULAS DE ESTILO<\/h4>\n<p>\u201cO vestido deve seguir o corpo da mulher, n\u00e3o o corpo seguir a forma do vestido\u201d. <strong>Givenchy<\/strong><\/p>\n<p>\u201cA melhor coisa \u00e9 parecer natural, mas \u00e9 preciso maquiagem para parecer natural\u201d. <strong>Calvin Klein<\/strong><\/p>\n<p>\u201cCharme \u00e9 o segredo de toda beleza. N\u00e3o h\u00e1 beleza que seja atraente sem charme\u201d. <strong>Christian Dior<\/strong><\/p>\n<hr \/>\n<h4 style=\"text-align: center;\">&nbsp;CLICK IN MODA<\/h4>\n<p style=\"text-align: center;\"><img loading=\"lazy\" decoding=\"async\" class=\" size-full wp-image-94889\" src=\"http:\/\/diarioregionaljf.com.br\/wp-content\/uploads\/2018\/03\/diario-int-25562-6.jpg\" alt=\"CLICK IN MODA.jpg\" style=\"display: block; margin-left: auto; margin-right: auto;\" width=\"299\" height=\"450\" srcset=\"https:\/\/diarioregionaldigital.com.br\/wp-content\/uploads\/2018\/03\/diario-int-25562-6.jpg 299w, https:\/\/diarioregionaldigital.com.br\/wp-content\/uploads\/2018\/03\/diario-int-25562-6-199x300.jpg 199w\" sizes=\"auto, (max-width: 299px) 100vw, 299px\" \/><\/p>\n<p style=\"text-align: center;\">A bel\u00edssima modelo da Patr\u00edcia Alvim Agency e 40 Graus Model, Yasmin Marinho no click do fera Felipe Bolpato. Look Espa\u00e7o Teen e acess\u00f3rios ByCandy.<\/p>\n<p>&nbsp;<\/p>\n<p>&nbsp;<\/p>\n<p style=\"text-align: center;\"><strong>Colaboradoras: MARIANA MATOS E MARIA EDUARDA VER\u00cdSSIMO<\/strong><\/p>\n<p>&nbsp;<\/p>\n","protected":false},"excerpt":{"rendered":"<p>SUPREME X NAN GOLDIN A Supreme est\u00e1 sempre&nbsp;lan\u00e7ando linhas em&nbsp;parceria com artistas e&nbsp;a sua mais nova escolha&nbsp;\u00e9 um tanto curiosa: Nan&nbsp;Goldin. Fotos famosas&nbsp;da fot\u00f3grafa, conhecida&nbsp;por seu registro da cena&nbsp;gay em Nova York nos&nbsp;anos 70 a 90, estampam&nbsp;moletons, jaquetas,&nbsp;camisetas e skates!&nbsp;Segundo a marca \u201clan\u00e7ar&nbsp;esse projeto com&nbsp;Nan Goldin \u00e9 celebrar a&nbsp;diversidade que seu trabalho&nbsp;representa e mostrar&nbsp;isso aos [&hellip;]<\/p>\n","protected":false},"author":96,"featured_media":94883,"comment_status":"closed","ping_status":"closed","sticky":false,"template":"","format":"standard","meta":{"footnotes":""},"categories":[285],"tags":[],"class_list":["post-94890","post","type-post","status-publish","format-standard","has-post-thumbnail","hentry","category-moda-ana-paula-calixto"],"_links":{"self":[{"href":"https:\/\/diarioregionaldigital.com.br\/index.php?rest_route=\/wp\/v2\/posts\/94890","targetHints":{"allow":["GET"]}}],"collection":[{"href":"https:\/\/diarioregionaldigital.com.br\/index.php?rest_route=\/wp\/v2\/posts"}],"about":[{"href":"https:\/\/diarioregionaldigital.com.br\/index.php?rest_route=\/wp\/v2\/types\/post"}],"author":[{"embeddable":true,"href":"https:\/\/diarioregionaldigital.com.br\/index.php?rest_route=\/wp\/v2\/users\/96"}],"replies":[{"embeddable":true,"href":"https:\/\/diarioregionaldigital.com.br\/index.php?rest_route=%2Fwp%2Fv2%2Fcomments&post=94890"}],"version-history":[{"count":0,"href":"https:\/\/diarioregionaldigital.com.br\/index.php?rest_route=\/wp\/v2\/posts\/94890\/revisions"}],"wp:featuredmedia":[{"embeddable":true,"href":"https:\/\/diarioregionaldigital.com.br\/index.php?rest_route=\/wp\/v2\/media\/94883"}],"wp:attachment":[{"href":"https:\/\/diarioregionaldigital.com.br\/index.php?rest_route=%2Fwp%2Fv2%2Fmedia&parent=94890"}],"wp:term":[{"taxonomy":"category","embeddable":true,"href":"https:\/\/diarioregionaldigital.com.br\/index.php?rest_route=%2Fwp%2Fv2%2Fcategories&post=94890"},{"taxonomy":"post_tag","embeddable":true,"href":"https:\/\/diarioregionaldigital.com.br\/index.php?rest_route=%2Fwp%2Fv2%2Ftags&post=94890"}],"curies":[{"name":"wp","href":"https:\/\/api.w.org\/{rel}","templated":true}]}}