{"id":94878,"date":"2018-03-29T19:17:14","date_gmt":"2018-03-29T22:17:14","guid":{"rendered":"http:\/\/diarioregionaljf.com.br\/2018\/03\/29\/como-se-tornar-um-sindico-eficaz\/"},"modified":"2018-03-29T19:17:14","modified_gmt":"2018-03-29T22:17:14","slug":"como-se-tornar-um-sindico-eficaz","status":"publish","type":"post","link":"https:\/\/diarioregionaldigital.com.br\/?p=94878","title":{"rendered":"Como se tornar um s\u00edndico eficaz?"},"content":{"rendered":"<p>Esta pergunta nos foi feita por quatro leitores, embora de maneiras diferentes, mas com o mesmo objetivo, melhorar seus desempenhos como s\u00edndico, o que deve ser de fato os desejos de muitos outros. Vamos tentar dar uma vis\u00e3o de que a educa\u00e7\u00e3o \u00e9 um processo continuo da\u00ed buscar novos conhecimentos cada dia, pois, vencedores se fazem, n\u00e3o nasce feitos. As pessoas de grande sucesso s\u00e3o aquelas para quem o destino sorri, n\u00e3o \u00e9 mesmo?<\/p>\n<p><strong>Respondo:<\/strong> N\u00e3o, na verdade, n\u00e3o \u00e9. As pessoas de sucesso chegam onde est\u00e3o seguindo um plano estrat\u00e9gico. Elas aprendem o que \u00e9 preciso fazer para alcan\u00e7ar o que desejam, ou seja, \u00e9 preciso aprender a aprender.<\/p>\n<p>Veja, n\u00f3s temos consci\u00eancia de que para construir uma casa, torna-se necess\u00e1rio que se tenha um projeto, mas as vezes esquecemos que para construir uma vida bem-sucedida tamb\u00e9m se torna necess\u00e1rio ter um projeto.<\/p>\n<p>\u00c9 preciso enfrentar os conflitos, pois, \u00e9 imposs\u00edvel viver sem conflito. As pessoas s\u00e3o diferentes umas das outras, possuem hist\u00f3rias diferentes h\u00e1bitos, valores, temperamentos diferentes. Em qualquer lugar onde existe conviv\u00eancia e objetivos comuns, sobretudo nos condom\u00ednios, na fam\u00edlia e no trabalho, os conflitos s\u00e3o inevit\u00e1veis.<\/p>\n<p>N\u00e3o devemos encarar os conflitos negativamente, como se fossem situa\u00e7\u00f5es indesej\u00e1veis. Por isso v\u00e1rias vezes, negam a exist\u00eancia dos conflitos e fingem ignor\u00e1-los. \u00c9 obvio que um conflito que degenera em briga ou guerra s\u00f3 \u00e9 destrutivo.<\/p>\n<p>Mas o conflito bem administrado, com sinceridade, honestidade e real desejo de achar uma solu\u00e7\u00e3o conciliat\u00f3ria, contribui para o crescimento das pessoas envolvidas e transforma em harmonia e felicidade.Reflita sobre os conflitos da sua vida e de seu condom\u00ednio, pois s\u00f3 assim voc\u00ea ser\u00e1 capaz de fazer com que a situa\u00e7\u00e3o melhore.<\/p>\n<p>Lembre-se que o s\u00edndico como tal \u00e9 o l\u00edder que comanda o condom\u00ednio. O verdadeiro l\u00edder n\u00e3o \u00e9 aquele que comanda um grupo de pessoas obedientes. A verdadeira lideran\u00e7a fortalece seus seguidores, formando equipe, ensinando e aprendendo juntos, dando exemplo e treinando e capacitando outras pessoas.<\/p>\n<p>O verdadeiro l\u00edder precisa ter como objetivo que seu desempenho ser\u00e1 medido pelo sucesso daqueles que est\u00e3o \u00e0 sua volta. Quando acontece um erro na portaria do seu pr\u00e9dio o erro tamb\u00e9m \u00e9 seu, pois, gest\u00e3o condominial n\u00e3o \u00e9 um trabalho de uma pessoa que trabalha sozinha, \u00e9 sim trabalho de uma equipe coesa.<\/p>\n<p>Um trufo do s\u00edndico \u00e9 n\u00e3o perder suas metas de vista, pois elas servem de orienta\u00e7\u00e3o e estimulo.<\/p>\n<p>Estabele\u00e7a com todos do condom\u00ednio metas e escolhas as prioridades, pois a comunidade condominial, uma vez que, segundoos ensinamentos do \u201cGrande mestre Paulo Freire\u201d: \u201cNingu\u00e9m liberta ningu\u00e9m, ningu\u00e9m se liberta sozinho; as pessoas se libertam em comunh\u00e3o\u201d. Pois \u00e9 verdade que todos pagam suas taxas, ent\u00e3o todos s\u00e3o respons\u00e1veis por tudo.<\/p>\n<p>Aproveite os eventos que acontecer\u00e3o em abril: Dia 21\/04\/2018 \u2013 37\u00ba ENASIN (Encontro Nacional de S\u00edndicos Juiz de Fora); Dia 23,24,25 de abrilCurso Sindico Profissionais e Administra\u00e7\u00e3o de Condom\u00ednios. Mais informa\u00e7\u00f5es pelo telefone(32) 3212-3329.<\/p>\n<p>Obrigado, continuem comunicando conosco atrav\u00e9s do e-mail: tirandotodasduvidas@gmail.com e fale com o consultor Fl\u00e1vio Almeida Chaves Pereira.<\/p>\n<p>At\u00e9 o pr\u00f3ximo.<\/p>\n","protected":false},"excerpt":{"rendered":"<p>Esta pergunta nos foi feita por quatro leitores, embora de maneiras diferentes, mas com o mesmo objetivo, melhorar seus desempenhos como s\u00edndico, o que deve ser de fato os desejos de muitos outros. Vamos tentar dar uma vis\u00e3o de que a educa\u00e7\u00e3o \u00e9 um processo continuo da\u00ed buscar novos conhecimentos cada dia, pois, vencedores se [&hellip;]<\/p>\n","protected":false},"author":96,"featured_media":94877,"comment_status":"closed","ping_status":"closed","sticky":false,"template":"","format":"standard","meta":{"footnotes":""},"categories":[297],"tags":[],"class_list":["post-94878","post","type-post","status-publish","format-standard","has-post-thumbnail","hentry","category-jose-maria-braz-pereira"],"_links":{"self":[{"href":"https:\/\/diarioregionaldigital.com.br\/index.php?rest_route=\/wp\/v2\/posts\/94878","targetHints":{"allow":["GET"]}}],"collection":[{"href":"https:\/\/diarioregionaldigital.com.br\/index.php?rest_route=\/wp\/v2\/posts"}],"about":[{"href":"https:\/\/diarioregionaldigital.com.br\/index.php?rest_route=\/wp\/v2\/types\/post"}],"author":[{"embeddable":true,"href":"https:\/\/diarioregionaldigital.com.br\/index.php?rest_route=\/wp\/v2\/users\/96"}],"replies":[{"embeddable":true,"href":"https:\/\/diarioregionaldigital.com.br\/index.php?rest_route=%2Fwp%2Fv2%2Fcomments&post=94878"}],"version-history":[{"count":0,"href":"https:\/\/diarioregionaldigital.com.br\/index.php?rest_route=\/wp\/v2\/posts\/94878\/revisions"}],"wp:featuredmedia":[{"embeddable":true,"href":"https:\/\/diarioregionaldigital.com.br\/index.php?rest_route=\/wp\/v2\/media\/94877"}],"wp:attachment":[{"href":"https:\/\/diarioregionaldigital.com.br\/index.php?rest_route=%2Fwp%2Fv2%2Fmedia&parent=94878"}],"wp:term":[{"taxonomy":"category","embeddable":true,"href":"https:\/\/diarioregionaldigital.com.br\/index.php?rest_route=%2Fwp%2Fv2%2Fcategories&post=94878"},{"taxonomy":"post_tag","embeddable":true,"href":"https:\/\/diarioregionaldigital.com.br\/index.php?rest_route=%2Fwp%2Fv2%2Ftags&post=94878"}],"curies":[{"name":"wp","href":"https:\/\/api.w.org\/{rel}","templated":true}]}}