{"id":94876,"date":"2018-03-29T19:14:51","date_gmt":"2018-03-29T22:14:51","guid":{"rendered":"http:\/\/diarioregionaljf.com.br\/2018\/03\/29\/a-posse-de-antonio-cicero\/"},"modified":"2018-04-16T08:04:57","modified_gmt":"2018-04-16T11:04:57","slug":"a-posse-de-antonio-cicero","status":"publish","type":"post","link":"https:\/\/diarioregionaldigital.com.br\/?p=94876","title":{"rendered":"A POSSE DE ANTONIO CICERO"},"content":{"rendered":"<p>A Academia Brasileira de Letras, nos seus bem vividos 120 anos, caracteriza-se por perdas e ganhos not\u00e1veis. Lamentamos o falecimento do cr\u00edtico liter\u00e1rio Eduardo Portella e saudamos a chegada do poeta Antonio Cicero.<\/p>\n<p>Se me pedissem para preceder de um t\u00edtulo estas palavras de boas-vindas, certamente escolheria \u201cFinalidades sem fim\u201d, que alude \u00e0 express\u00e3o de Immanuel Kant, para quem a beleza est\u00e1 na \u2018finalidade sem fim\u2019 das obras de arte. N\u00e3o por acaso o t\u00edtulo designa o livro de ensaios onde Cicero afirma que \u201ca filosofia \u00e9 o oposto complementar da poesia\u201d, debru\u00e7ando-se sobre os temas cruciais da cria\u00e7\u00e3o.<\/p>\n<p>\u00c9 justo afirmar que a for\u00e7a e a capacidade do pensamento de Antonio Cicero aproximam filosofia e poesia, representando um avan\u00e7o cognitivo \u00edmpar. O horizonte de seu percurso criativo se abre em possibilidades ilimitadas.<\/p>\n<p>Ele pode ser chamado de poeta, compositor ou fil\u00f3sofo, mas n\u00e3o padece de uma d\u00favida crucial. Sabe exatamente o que se entende por poesia, de modo a nos permitir apreender linguagem, mundo e pensamento como se fosse pela primeira vez: \u201cA poesia deve chegar a ser o que \u00e9. \u00c9 para ser fiel \u00e0 poesia em si que o verdadeiro poeta se insubordina n\u00e3o somente contra a poesia convencional, mas contra o olhar ou a apreens\u00e3o convencional da poesia.\u201d<\/p>\n<p>Sem submeter-se a conceitos previamente estabelecidos, numa vigorosa defesa da liberdade de cria\u00e7\u00e3o, trata-se de um dos principais poetas hoje em atividade no Brasil, com uma repercuss\u00e3o que ultrapassa nossas fronteiras.<\/p>\n<p>Chega \u00e0 ABL para conviver com poetas como Alberto da Costa e Silva, Carlos Nejar, Antonio Carlos Secchin, Geraldo Carneiro e Geraldo Holanda, respirando o clima da tradi\u00e7\u00e3o em que marcaram presen\u00e7a not\u00e1veis autores como, entre outros, Manuel Bandeira, Jo\u00e3o Cabral de Melo Neto, Ivan Junqueira e Ledo Ivo, este considerado pelo j\u00e1 saudoso Carlos Heitor Cony como o maior sonetista brasileiro.<\/p>\n<p>Respeita os seus colegas de of\u00edcio e confessa que os poetas fazem amor com as palavras, como se isso fosse poss\u00edvel. Em seu livro \u201cA poesia e a cr\u00edtica\u201d (Companhia das Letras, S\u00e3o Paulo, 2017), explica que a palavra \u201cpoesia\u201d deriva da grega \u201cpo\u00ed\u00easis\u201d, que quer dizer \u201cfeitura\u201d ou \u201cprodu\u00e7\u00e3o\u201d. J\u00e1 \u201cpoeta\u201d vem de \u201cpoi\u00eat\u00eas\u201d, que significa \u201caquele que faz ou produz\u201d. Com essa remiss\u00e3o \u00e0 Gr\u00e9cia antiga podemos entender melhor a etimologia dessas palavras fundamentais.<\/p>\n<p>Antonio Cicero recorda trecho de um poema de Fernando Pessoa (ou do seu heter\u00f4nimo Alberto Caeiro), que diz:<\/p>\n<p>\u201cPensar uma flor \u00e9 v\u00ea-la e cheir\u00e1-la<br \/>E comer um fruto \u00e9 saber-lhe o sentido.\u201d<\/p>\n<p>O poema \u00e9 an\u00e1logo a outras obras de arte, fruto da combina\u00e7\u00e3o de todas as faculdades do artista, al\u00e9m da t\u00e9cnica, inspira\u00e7\u00e3o e experi\u00eancia.<\/p>\n","protected":false},"excerpt":{"rendered":"<p>A Academia Brasileira de Letras, nos seus bem vividos 120 anos, caracteriza-se por perdas e ganhos not\u00e1veis. Lamentamos o falecimento do cr\u00edtico liter\u00e1rio Eduardo Portella e saudamos a chegada do poeta Antonio Cicero. Se me pedissem para preceder de um t\u00edtulo estas palavras de boas-vindas, certamente escolheria \u201cFinalidades sem fim\u201d, que alude \u00e0 express\u00e3o de [&hellip;]<\/p>\n","protected":false},"author":96,"featured_media":94875,"comment_status":"closed","ping_status":"closed","sticky":false,"template":"","format":"standard","meta":{"footnotes":""},"categories":[275],"tags":[],"class_list":["post-94876","post","type-post","status-publish","format-standard","has-post-thumbnail","hentry","category-arnaldo-niskier"],"_links":{"self":[{"href":"https:\/\/diarioregionaldigital.com.br\/index.php?rest_route=\/wp\/v2\/posts\/94876","targetHints":{"allow":["GET"]}}],"collection":[{"href":"https:\/\/diarioregionaldigital.com.br\/index.php?rest_route=\/wp\/v2\/posts"}],"about":[{"href":"https:\/\/diarioregionaldigital.com.br\/index.php?rest_route=\/wp\/v2\/types\/post"}],"author":[{"embeddable":true,"href":"https:\/\/diarioregionaldigital.com.br\/index.php?rest_route=\/wp\/v2\/users\/96"}],"replies":[{"embeddable":true,"href":"https:\/\/diarioregionaldigital.com.br\/index.php?rest_route=%2Fwp%2Fv2%2Fcomments&post=94876"}],"version-history":[{"count":0,"href":"https:\/\/diarioregionaldigital.com.br\/index.php?rest_route=\/wp\/v2\/posts\/94876\/revisions"}],"wp:featuredmedia":[{"embeddable":true,"href":"https:\/\/diarioregionaldigital.com.br\/index.php?rest_route=\/wp\/v2\/media\/94875"}],"wp:attachment":[{"href":"https:\/\/diarioregionaldigital.com.br\/index.php?rest_route=%2Fwp%2Fv2%2Fmedia&parent=94876"}],"wp:term":[{"taxonomy":"category","embeddable":true,"href":"https:\/\/diarioregionaldigital.com.br\/index.php?rest_route=%2Fwp%2Fv2%2Fcategories&post=94876"},{"taxonomy":"post_tag","embeddable":true,"href":"https:\/\/diarioregionaldigital.com.br\/index.php?rest_route=%2Fwp%2Fv2%2Ftags&post=94876"}],"curies":[{"name":"wp","href":"https:\/\/api.w.org\/{rel}","templated":true}]}}