{"id":94872,"date":"2018-03-29T19:08:16","date_gmt":"2018-03-29T22:08:16","guid":{"rendered":"http:\/\/diarioregionaljf.com.br\/2018\/03\/29\/quarta-feijoada-beneficente-da-ascomcer-deve-atrair-700-pessoas\/"},"modified":"2018-03-29T19:08:16","modified_gmt":"2018-03-29T22:08:16","slug":"quarta-feijoada-beneficente-da-ascomcer-deve-atrair-700-pessoas","status":"publish","type":"post","link":"https:\/\/diarioregionaldigital.com.br\/?p=94872","title":{"rendered":"Quarta \u201cFeijoada Beneficente\u201d da Ascomcer deve atrair 700 pessoas"},"content":{"rendered":"<p>No pr\u00f3ximo dia 14, a Associa\u00e7\u00e3o Feminina de Preven\u00e7\u00e3o e Combate ao C\u00e2ncer de Juiz de Fora (Ascomcer) realiza sua \u201c4\u00aa Feijoada Beneficente\u201d. O evento acontece no pr\u00f3ximo dia 14 de abril entre \u00e0s 14h e 20h, no Gran Victory Hotel, localizado na Avenida Presidente Itamar Franco, n\u00b03800. Os ingressos podem ser adquiridos no valor de R$130. Parte da renda ser\u00e1 destinada para compra de medicamentos para os pacientes da entidade.<\/p>\n<p>Neste ano, al\u00e9m de oferecer a saborosa comida t\u00edpica brasileira, a a\u00e7\u00e3o contar\u00e1 com a presen\u00e7a do DJ Felipe Castro \u00e0s 14h, da dupla sertaneja Renan &amp; Christiano \u00e0s 15h, da sambista Alessandra Crispin, \u00e0s 17h e, ainda, a participa\u00e7\u00e3o da Escola de Samba Unidos do Ladeira, \u00e0s 18h. A expectativa \u00e9 que 700 pessoas compare\u00e7am.<\/p>\n<p>\u201cA ades\u00e3o do p\u00fablico tem sido cada ano maior. No primeiro n\u00e3o, foram 400 pessoas que prestigiaram, no segundo 500 e em 2017 foram 600. Esses eventos s\u00e3o fundamentais para a manuten\u00e7\u00e3o da Ascomcer. Por ser uma institui\u00e7\u00e3o filantr\u00f3pica, enfrentamos dificuldades financeiras. Os tr\u00eas pilares que nos sustentam s\u00e3o o telemarketing, o nosso bazar e os eventos. Com os valores arrecadados conseguimos sustentar a entidade. Se n\u00e3o fosse esses pilares a Ascomcer talvez estivesse fechada\u201d, disse a assessora de Comunica\u00e7\u00e3o da institui\u00e7\u00e3o, Sara Tellado.<\/p>\n<p>Os Ingressos est\u00e3o \u00e0 venda diretamente na sede da Ascomcer, na Avenida Presidente Itamar Franco, 3.500, ou na loja \u00d3ticas Kika, Rua Halfeld, 767. O pagamento atrav\u00e9s do cart\u00e3o de cr\u00e9dito ou d\u00e9bito pode ser feito apenas no Hospital, de segunda a sexta, de 8h \u00e0s 16h. Est\u00e3o inclu\u00eddos no valor do ingresso todos os shows, o card\u00e1pio de comidas, sobremesas e bebidas do evento (cerveja, caipirinha, suco, refrigerante e \u00e1gua), assim como uma caneca e uma camiseta exclusiva, al\u00e9m de degusta\u00e7\u00e3o e demonstra\u00e7\u00e3o de produtos nos stands de empresas parceiras.<\/p>\n<p>Al\u00e9m de doa\u00e7\u00f5es em dinheiro voc\u00ea pode doar tamb\u00e9m alimentos, roupas, utens\u00edlios e muito mais. Informa\u00e7\u00f5es atrav\u00e9s do telefone (32) 3311-4025 ou pelo site (www.ascomcer.org.br).<\/p>\n","protected":false},"excerpt":{"rendered":"<p>No pr\u00f3ximo dia 14, a Associa\u00e7\u00e3o Feminina de Preven\u00e7\u00e3o e Combate ao C\u00e2ncer de Juiz de Fora (Ascomcer) realiza sua \u201c4\u00aa Feijoada Beneficente\u201d. O evento acontece no pr\u00f3ximo dia 14 de abril entre \u00e0s 14h e 20h, no Gran Victory Hotel, localizado na Avenida Presidente Itamar Franco, n\u00b03800. Os ingressos podem ser adquiridos no valor [&hellip;]<\/p>\n","protected":false},"author":96,"featured_media":94871,"comment_status":"closed","ping_status":"closed","sticky":false,"template":"","format":"standard","meta":{"footnotes":""},"categories":[253],"tags":[],"class_list":["post-94872","post","type-post","status-publish","format-standard","has-post-thumbnail","hentry","category-cidade"],"_links":{"self":[{"href":"https:\/\/diarioregionaldigital.com.br\/index.php?rest_route=\/wp\/v2\/posts\/94872","targetHints":{"allow":["GET"]}}],"collection":[{"href":"https:\/\/diarioregionaldigital.com.br\/index.php?rest_route=\/wp\/v2\/posts"}],"about":[{"href":"https:\/\/diarioregionaldigital.com.br\/index.php?rest_route=\/wp\/v2\/types\/post"}],"author":[{"embeddable":true,"href":"https:\/\/diarioregionaldigital.com.br\/index.php?rest_route=\/wp\/v2\/users\/96"}],"replies":[{"embeddable":true,"href":"https:\/\/diarioregionaldigital.com.br\/index.php?rest_route=%2Fwp%2Fv2%2Fcomments&post=94872"}],"version-history":[{"count":0,"href":"https:\/\/diarioregionaldigital.com.br\/index.php?rest_route=\/wp\/v2\/posts\/94872\/revisions"}],"wp:featuredmedia":[{"embeddable":true,"href":"https:\/\/diarioregionaldigital.com.br\/index.php?rest_route=\/wp\/v2\/media\/94871"}],"wp:attachment":[{"href":"https:\/\/diarioregionaldigital.com.br\/index.php?rest_route=%2Fwp%2Fv2%2Fmedia&parent=94872"}],"wp:term":[{"taxonomy":"category","embeddable":true,"href":"https:\/\/diarioregionaldigital.com.br\/index.php?rest_route=%2Fwp%2Fv2%2Fcategories&post=94872"},{"taxonomy":"post_tag","embeddable":true,"href":"https:\/\/diarioregionaldigital.com.br\/index.php?rest_route=%2Fwp%2Fv2%2Ftags&post=94872"}],"curies":[{"name":"wp","href":"https:\/\/api.w.org\/{rel}","templated":true}]}}