{"id":94866,"date":"2018-03-29T17:29:25","date_gmt":"2018-03-29T20:29:25","guid":{"rendered":"http:\/\/diarioregionaljf.com.br\/2018\/03\/29\/ccs-analisa-projeto-que-proibe-a-suspensao-de-aplicativos-pela-justica\/"},"modified":"2018-03-29T17:29:25","modified_gmt":"2018-03-29T20:29:25","slug":"ccs-analisa-projeto-que-proibe-a-suspensao-de-aplicativos-pela-justica","status":"publish","type":"post","link":"https:\/\/diarioregionaldigital.com.br\/?p=94866","title":{"rendered":"CCS analisa projeto que pro\u00edbe a suspens\u00e3o de aplicativos pela Justi\u00e7a"},"content":{"rendered":"<p>O Conselho de Comunica\u00e7\u00e3o Social (CCS) re\u00fane-se na segunda-feira, 2, para exame de algumas proposi\u00e7\u00f5es em tramita\u00e7\u00e3o no Congresso, entre eles o PL 5.130\/2016, que pro\u00edbe a suspens\u00e3o de aplicativos da internet por decis\u00f5es judiciais. A reuni\u00e3o tem in\u00edcio \u00e0s 14h na sala 3 da ala Alexandre Costa.<\/p>\n<p>De autoria do deputado Jo\u00e3o Arruda (MDB-PR), o projeto inclui como direito do internauta a n\u00e3o suspens\u00e3o de qualquer aplica\u00e7\u00e3o da internet por decis\u00e3o do poder p\u00fablico. O objetivo da proposta \u00e9 evitar que decis\u00f5es judiciais interrompam, ainda que temporariamente, um servi\u00e7o usado cotidianamente pelos internautas.<\/p>\n<p>Arruda lembra que recentes decis\u00f5es judiciais de primeira inst\u00e2ncia tiraram do ar aplicativos como o YouTube e o WhatsApp. Ainda que as decis\u00f5es tenham sido derrubadas em segunda inst\u00e2ncia, para o autor do projeto, que altera o Marco Civil da Internet (Lei 12.965\/2014), houve \u201cgrande preju\u00edzo a toda a popula\u00e7\u00e3o, que se viu privada da utiliza\u00e7\u00e3o de aplica\u00e7\u00f5es que fazem parte de sua rotina\u201d.<\/p>\n<p>Da pauta constam ainda a an\u00e1lise de relat\u00f3rios sobre a renova\u00e7\u00e3o do conv\u00eanio entre o CCS e a Organiza\u00e7\u00e3o das Na\u00e7\u00f5es Unidas para a Educa\u00e7\u00e3o, a Ci\u00eancia e a Cultura (Unesco) e a reestrutura\u00e7\u00e3o do Regimento Interno do \u00f3rg\u00e3o, que tem como atribui\u00e7\u00e3o a realiza\u00e7\u00e3o de estudos, pareceres, recomenda\u00e7\u00f5es e outras solicita\u00e7\u00f5es que lhe forem encaminhadas pelo Congresso Nacional sobre o tema Comunica\u00e7\u00e3o Social.<\/p>\n<p>Os conselheiros dever\u00e3o analisar ainda as propostas de cria\u00e7\u00e3o do Observat\u00f3rio da Liberdade de Imprensa e de realiza\u00e7\u00e3o de semin\u00e1rio para debater a viol\u00eancia praticada contra profissionais do setor.<\/p>\n<p>Fonte: Ag\u00eancia Senado<\/p>\n","protected":false},"excerpt":{"rendered":"<p>O Conselho de Comunica\u00e7\u00e3o Social (CCS) re\u00fane-se na segunda-feira, 2, para exame de algumas proposi\u00e7\u00f5es em tramita\u00e7\u00e3o no Congresso, entre eles o PL 5.130\/2016, que pro\u00edbe a suspens\u00e3o de aplicativos da internet por decis\u00f5es judiciais. A reuni\u00e3o tem in\u00edcio \u00e0s 14h na sala 3 da ala Alexandre Costa. De autoria do deputado Jo\u00e3o Arruda (MDB-PR), [&hellip;]<\/p>\n","protected":false},"author":96,"featured_media":94865,"comment_status":"closed","ping_status":"closed","sticky":false,"template":"","format":"standard","meta":{"footnotes":""},"categories":[254],"tags":[],"class_list":["post-94866","post","type-post","status-publish","format-standard","has-post-thumbnail","hentry","category-politica"],"_links":{"self":[{"href":"https:\/\/diarioregionaldigital.com.br\/index.php?rest_route=\/wp\/v2\/posts\/94866","targetHints":{"allow":["GET"]}}],"collection":[{"href":"https:\/\/diarioregionaldigital.com.br\/index.php?rest_route=\/wp\/v2\/posts"}],"about":[{"href":"https:\/\/diarioregionaldigital.com.br\/index.php?rest_route=\/wp\/v2\/types\/post"}],"author":[{"embeddable":true,"href":"https:\/\/diarioregionaldigital.com.br\/index.php?rest_route=\/wp\/v2\/users\/96"}],"replies":[{"embeddable":true,"href":"https:\/\/diarioregionaldigital.com.br\/index.php?rest_route=%2Fwp%2Fv2%2Fcomments&post=94866"}],"version-history":[{"count":0,"href":"https:\/\/diarioregionaldigital.com.br\/index.php?rest_route=\/wp\/v2\/posts\/94866\/revisions"}],"wp:featuredmedia":[{"embeddable":true,"href":"https:\/\/diarioregionaldigital.com.br\/index.php?rest_route=\/wp\/v2\/media\/94865"}],"wp:attachment":[{"href":"https:\/\/diarioregionaldigital.com.br\/index.php?rest_route=%2Fwp%2Fv2%2Fmedia&parent=94866"}],"wp:term":[{"taxonomy":"category","embeddable":true,"href":"https:\/\/diarioregionaldigital.com.br\/index.php?rest_route=%2Fwp%2Fv2%2Fcategories&post=94866"},{"taxonomy":"post_tag","embeddable":true,"href":"https:\/\/diarioregionaldigital.com.br\/index.php?rest_route=%2Fwp%2Fv2%2Ftags&post=94866"}],"curies":[{"name":"wp","href":"https:\/\/api.w.org\/{rel}","templated":true}]}}