{"id":94864,"date":"2018-03-29T17:24:20","date_gmt":"2018-03-29T20:24:20","guid":{"rendered":"http:\/\/diarioregionaljf.com.br\/2018\/03\/29\/proposta-altera-constituicao-para-garantir-que-condenado-seja-preso-apos-segunda-instancia\/"},"modified":"2018-03-29T17:24:20","modified_gmt":"2018-03-29T20:24:20","slug":"proposta-altera-constituicao-para-garantir-que-condenado-seja-preso-apos-segunda-instancia","status":"publish","type":"post","link":"https:\/\/diarioregionaldigital.com.br\/?p=94864","title":{"rendered":"Proposta altera Constitui\u00e7\u00e3o para garantir que condenado seja preso ap\u00f3s segunda inst\u00e2ncia"},"content":{"rendered":"<p>A C\u00e2mara dos Deputados analisa proposta que modifica a Constitui\u00e7\u00e3o Federal de 1988 a fim de permitir a pris\u00e3o imediata de r\u00e9us condenados pela Justi\u00e7a em segunda inst\u00e2ncia (tribunais).<\/p>\n<p>A altera\u00e7\u00e3o est\u00e1 prevista na Proposta de Emenda \u00e0 Constitui\u00e7\u00e3o (PEC) 410\/18, do deputado Alex Manente (PPS-SP). Pelo texto, ap\u00f3s a confirma\u00e7\u00e3o de senten\u00e7a penal condenat\u00f3ria em grau de recurso (Tribunal de 2\u00ba grau), o r\u00e9u j\u00e1 ser\u00e1 considerado culpado, podendo ser preso.<\/p>\n<p>Hoje, o texto constitucional estabelece que o r\u00e9u s\u00f3 pode ser considerado culpado \u2013 para fins de pris\u00e3o \u2013 ap\u00f3s o tr\u00e2nsito em julgado, ou seja, ap\u00f3s o esgotamento de todos os recursos em todas as inst\u00e2ncias da Justi\u00e7a.<\/p>\n<p>Para Manente, a atual previs\u00e3o constitucional de que ningu\u00e9m dever\u00e1 ser considerado culpado at\u00e9 o tr\u00e2nsito em julgado remonta o per\u00edodo de repress\u00e3o que marcou o regime militar (1964-1985).<\/p>\n<p>\u201cCom a promulga\u00e7\u00e3o da Emenda Constitucional 1 de 1969, todos os atos do governo militar ficavam aprovados sem aprecia\u00e7\u00e3o judicial. Ainda que os direitos e garantias fundamentais relacionados \u00e0 presun\u00e7\u00e3o de n\u00e3o culpabilidade continuassem no texto da Constitui\u00e7\u00e3o, as for\u00e7as repressivas desconsideravam tais limites\u201d, lembra o deputado.<\/p>\n<p>Manente entende que, passados 30 anos, o momento pol\u00edtico-constitucional \u00e9 diferente. \u201cAcreditamos que hoje o princ\u00edpio da presun\u00e7\u00e3o de inoc\u00eancia j\u00e1 est\u00e1 garantido e, mesmo com provas suficientes para a condena\u00e7\u00e3o em primeira inst\u00e2ncia, o r\u00e9u ainda pode recorrer, em grau de recurso, aos tribunais, que \u00e9 onde se encerra a an\u00e1lise de fatos e provas sobre a culpabilidade\u201d, destaca.<\/p>\n<p>O deputado argumenta ainda que os recursos cab\u00edveis da decis\u00e3o de segundo grau, ao Superior Tribunal de Justi\u00e7a (STJ) ou ao Supremo Tribunal Federal (STF), n\u00e3o devem servir para discutir fatos e provas e sim mat\u00e9rias processuais. \u201cPortanto, mantida a senten\u00e7a condenat\u00f3ria, estar\u00e1 autorizado o in\u00edcio da execu\u00e7\u00e3o da pena\u201d, disse.<\/p>\n<h4>&nbsp;<\/h4>\n<h4>JURISPRUD\u00caNCIA<\/h4>\n<p>Em 2016, o Supremo Tribunal Federal mudou a jurisprud\u00eancia vigente at\u00e9 ent\u00e3o e passou a permitir o cumprimento de senten\u00e7a penal condenat\u00f3ria ap\u00f3s confirma\u00e7\u00e3o em grau de recurso (2\u00ba grau).<\/p>\n<p>A an\u00e1lise dessa situa\u00e7\u00e3o, no entanto, deve voltar em breve ao Plen\u00e1rio do STF por conta de um habeas corpus impetrado naquela Corte pela defesa do ex-presidente Luiz In\u00e1cio Lula da Silva, que foi condenado pelo Tribunal Regional Federal da 4\u00aa Regi\u00e3o (TRF-4), respons\u00e1vel por julgar os processos da Lava Jato em segunda inst\u00e2ncia. A defesa entende que a pris\u00e3o de Lula s\u00f3 pode ocorrer ap\u00f3s o tr\u00e2nsito em julgado.<\/p>\n<p>A organiza\u00e7\u00e3o do Poder Judici\u00e1rio, definida pela pr\u00f3pria Constitui\u00e7\u00e3o, estabelece que a segunda inst\u00e2ncia \u00e9 formada por tribunais, onde s\u00e3o julgados, em grau de recurso, decis\u00f5es dos ju\u00edzes de primeiro grau.<\/p>\n<h4>&nbsp;<\/h4>\n<h4>TRAMITA\u00c7\u00c3O<\/h4>\n<p>A PEC ser\u00e1 analisada pela Comiss\u00e3o de Constitui\u00e7\u00e3o e Justi\u00e7a e de Cidadania quanto \u00e0 admissibilidade. Se aprovada, ser\u00e1 examinada por comiss\u00e3o especial quanto ao m\u00e9rito e votada pelo Plen\u00e1rio em dois turnos.<\/p>\n<p>Fonte: Ag\u00eancia C\u00e2mara Not\u00edcias<\/p>\n","protected":false},"excerpt":{"rendered":"<p>A C\u00e2mara dos Deputados analisa proposta que modifica a Constitui\u00e7\u00e3o Federal de 1988 a fim de permitir a pris\u00e3o imediata de r\u00e9us condenados pela Justi\u00e7a em segunda inst\u00e2ncia (tribunais). A altera\u00e7\u00e3o est\u00e1 prevista na Proposta de Emenda \u00e0 Constitui\u00e7\u00e3o (PEC) 410\/18, do deputado Alex Manente (PPS-SP). Pelo texto, ap\u00f3s a confirma\u00e7\u00e3o de senten\u00e7a penal condenat\u00f3ria [&hellip;]<\/p>\n","protected":false},"author":96,"featured_media":94863,"comment_status":"closed","ping_status":"closed","sticky":false,"template":"","format":"standard","meta":{"footnotes":""},"categories":[254],"tags":[],"class_list":["post-94864","post","type-post","status-publish","format-standard","has-post-thumbnail","hentry","category-politica"],"_links":{"self":[{"href":"https:\/\/diarioregionaldigital.com.br\/index.php?rest_route=\/wp\/v2\/posts\/94864","targetHints":{"allow":["GET"]}}],"collection":[{"href":"https:\/\/diarioregionaldigital.com.br\/index.php?rest_route=\/wp\/v2\/posts"}],"about":[{"href":"https:\/\/diarioregionaldigital.com.br\/index.php?rest_route=\/wp\/v2\/types\/post"}],"author":[{"embeddable":true,"href":"https:\/\/diarioregionaldigital.com.br\/index.php?rest_route=\/wp\/v2\/users\/96"}],"replies":[{"embeddable":true,"href":"https:\/\/diarioregionaldigital.com.br\/index.php?rest_route=%2Fwp%2Fv2%2Fcomments&post=94864"}],"version-history":[{"count":0,"href":"https:\/\/diarioregionaldigital.com.br\/index.php?rest_route=\/wp\/v2\/posts\/94864\/revisions"}],"wp:featuredmedia":[{"embeddable":true,"href":"https:\/\/diarioregionaldigital.com.br\/index.php?rest_route=\/wp\/v2\/media\/94863"}],"wp:attachment":[{"href":"https:\/\/diarioregionaldigital.com.br\/index.php?rest_route=%2Fwp%2Fv2%2Fmedia&parent=94864"}],"wp:term":[{"taxonomy":"category","embeddable":true,"href":"https:\/\/diarioregionaldigital.com.br\/index.php?rest_route=%2Fwp%2Fv2%2Fcategories&post=94864"},{"taxonomy":"post_tag","embeddable":true,"href":"https:\/\/diarioregionaldigital.com.br\/index.php?rest_route=%2Fwp%2Fv2%2Ftags&post=94864"}],"curies":[{"name":"wp","href":"https:\/\/api.w.org\/{rel}","templated":true}]}}