{"id":94862,"date":"2018-03-29T16:44:26","date_gmt":"2018-03-29T19:44:26","guid":{"rendered":"http:\/\/diarioregionaljf.com.br\/2018\/03\/29\/semana-santa-paixao-e-morte-de-cristo-sao-celebradas-por-fieis-na-sexta-feira\/"},"modified":"2018-03-29T16:44:26","modified_gmt":"2018-03-29T19:44:26","slug":"semana-santa-paixao-e-morte-de-cristo-sao-celebradas-por-fieis-na-sexta-feira","status":"publish","type":"post","link":"https:\/\/diarioregionaldigital.com.br\/?p=94862","title":{"rendered":"Semana Santa: Paix\u00e3o e Morte de Cristo s\u00e3o celebradas por fi\u00e9is na Sexta-feira"},"content":{"rendered":"<p>A Sexta-Feira Santa, celebrada no dia 30 de mar\u00e7o, recorda a Paix\u00e3o e Morte de Cristo. Para os cat\u00f3licos, este dia \u00e9 marcado pelo sil\u00eancio, pelo jejum e pela ora\u00e7\u00e3o e, ao contr\u00e1rio do que muitos pensam, n\u00e3o deve ser vivido em clima de luto, mas de profundo respeito diante da morte de Cristo.<\/p>\n<p>Neste dia n\u00e3o h\u00e1 missas. O ponto alto da Sexta-feira Santa \u00e9 a celebra\u00e7\u00e3o das 15h, hor\u00e1rio em que Jesus foi morto. A cerim\u00f4nia da Paix\u00e3o do Senhor consta de tr\u00eas partes: liturgia da Palavra, adora\u00e7\u00e3o da Cruz e Comunh\u00e3o Eucar\u00edstica. \u00c0 noite, as par\u00f3quias fazem encena\u00e7\u00f5es da Paix\u00e3o de Jesus Cristo com o serm\u00e3o da descida da cruz. Em seguida, h\u00e1 a Prociss\u00e3o do Enterro.<\/p>\n<p>Confira a programa\u00e7\u00e3o da Sexta-Feira Santa em algumas comunidades da Arquidiocese:<\/p>\n<p>Juiz de Fora<\/p>\n<p>Catedral Metropolitana \u2013 Centro<\/p>\n<p>9h \u2013 Via-Sacra sai da Catedral e percorre ruas do Centro<br \/>15h \u2013 A\u00e7\u00e3o Lit\u00fargica &#8211; Ora\u00e7\u00e3o Universal e Comunh\u00e3o<br \/>19h \u2013 Serm\u00e3o do descendimento da cruz no adro da Catedral proferido pelo Monsenhor Luiz Carlos de Paula. Em seguida, prociss\u00e3o pelas ruas do Centro<br \/>*Confiss\u00f5es: 8h30.<\/p>\n<p>Igreja S\u00e3o Sebasti\u00e3o \u2013 Centro<\/p>\n<p>15h \u2013 Leitura da Paix\u00e3o, Adora\u00e7\u00e3o do lenho da cruz, ora\u00e7\u00e3o universal e Sagrada Comunh\u00e3o<br \/>19h \u2013 Serm\u00e3o do descendimento da cruz no adro da Catedral. Em seguida, prociss\u00e3o pelas ruas do Centro<\/p>\n<p>Par\u00f3quia Nossa Senhora do Ros\u00e1rio \u2013 Granbery<\/p>\n<p>8h \u00e0s 15h \u2013 Vig\u00edlia Eucar\u00edstica pelos movimentos paroquiais<br \/>15h \u2013 A\u00e7\u00e3o Lit\u00fargica &#8211; Ora\u00e7\u00e3o Universal e Comunh\u00e3o<\/p>\n<p>Par\u00f3quia Nossa Senhora da Gl\u00f3ria \u2013 Morro da Gl\u00f3ria<\/p>\n<p>7h \u2013 Ter\u00e7o com os homens na Igreja da Gl\u00f3ria<br \/>9h \u2013 Via-Sacra no interior e no adro da Igreja da Gl\u00f3ria<br \/>15h \u2013 Solene A\u00e7\u00e3o Lit\u00fargica da Paix\u00e3o do Senhor<br \/>20h \u2013 \u201cContemplando Jesus nos bra\u00e7os de Maria\u201d, com prega\u00e7\u00e3o de Padre Dalton<br \/>8h30 \u00e0s 11h e 17h \u00e0s 19h \u2013 Confiss\u00f5es individuais na Igreja da Gl\u00f3ria<br \/>17h \u00e0s 19h \u2013 Confiss\u00f5es individuais na Capela S\u00e3o Roque<\/p>\n<p>Par\u00f3quia Bom Pastor \u2013 Bom Pastor<\/p>\n<p>9h \u00e0s 12h \u2013 Confiss\u00f5es individuais na Igreja Matriz<br \/>15h \u2013 Solene A\u00e7\u00e3o Lit\u00fargica da Paix\u00e3o do Senhor na Igreja Matriz<\/p>\n<p>Par\u00f3quia S\u00e3o Mateus \u2013 S\u00e3o Mateus<\/p>\n<p>6h \u2013 Prociss\u00e3o da Soledade de Maria saindo da Igreja S\u00e3o Mateus e percorrendo as ruas do bairro. Em seguida, as imagens do Senhor Morto e Nossa Senhora das Dores ficam no Sal\u00e3o Monsenhor Luiz (Centro Pastoral) para venera\u00e7\u00e3o at\u00e9 \u00e0s 14h30<br \/>8h \u00e0s 14h30 \u2013 Adora\u00e7\u00e3o silenciosa ao Sant\u00edssimo Sacramento na Capela de Ora\u00e7\u00e3o<br \/>15h \u2013 Solene A\u00e7\u00e3o Lit\u00fargica na Igreja S\u00e3o Mateus e na Igreja Imaculada Concei\u00e7\u00e3o (Dom Bosco)<br \/>20h \u2013 Serm\u00e3o do Descendimento da Cruz, seguido de prociss\u00e3o com as imagens do Senhor Morto e de Nossa Senhora das Dores pelas ruas do bairro<\/p>\n<p>Par\u00f3quia Sagrado Cora\u00e7\u00e3o de Jesus \u2013 Bairu<\/p>\n<p>6h \u2013 Laudes (Ora\u00e7\u00e3o da manh\u00e3) na Matriz<br \/>15h \u2013 Solene A\u00e7\u00e3o Lit\u00fargica<br \/>18h30 \u2013 Via-Sacra pelas ruas do bairro saindo da Avenida Surerus<\/p>\n<p>Par\u00f3quia Santa Rita de C\u00e1ssia \u2013 Bonfim<\/p>\n<p>15h \u2013 Solene A\u00e7\u00e3o Lit\u00fargica na Matriz e nas capelas S\u00e3o Lucas e Santa Maria<br \/>19h \u2013 Encena\u00e7\u00e3o da Paix\u00e3o do Senhor e Serm\u00e3o do Descendimento da Cruz na Matriz, seguidos de Prociss\u00e3o do Enterro<\/p>\n<p>Par\u00f3quia S\u00e3o Pedro \u2013 S\u00e3o Pedro<\/p>\n<p>5h \u2013 Caminhada Penitencial saindo da Matriz para a Capela Nossa Senhora da Penha<br \/>9h \u00e0s 12h \u2013 Atendimento de confiss\u00f5es na Matriz<br \/>15h \u2013 A\u00e7\u00e3o Lit\u00fargica da Paix\u00e3o do Senhor na Matriz e nas capelas Nossa Senhora da Penha, Santa Rita de C\u00e1ssia, S\u00e3o Jo\u00e3o Batista, Santo Ant\u00f4nio e S\u00e3o Sebasti\u00e3o<br \/>19h \u2013 Teatro da Paix\u00e3o de Cristo na Esta\u00e7\u00e3o S\u00e3o Pedro, seguida de prociss\u00e3o com a imagem do Senhor Morto at\u00e9 a Igreja Matriz<\/p>\n<p>Par\u00f3quia Nossa Senhora de F\u00e1tima \u2013 Nossa Senhora de F\u00e1tima<\/p>\n<p>5h \u2013 Caminhada Penitencial saindo da Matriz para a Capela Nossa Senhora da Penha<br \/>15h \u2013 Solene A\u00e7\u00e3o Lit\u00fargica na Matriz e nas capelas Santana e S\u00e3o Charbel<\/p>\n<p>Par\u00f3quia Nossa Senhora M\u00e3e de Deus \u2013 Bairro de Lourdes<\/p>\n<p>15h \u2013 A\u00e7\u00e3o Lit\u00fargica, Adora\u00e7\u00e3o da Santa Cruz, Ora\u00e7\u00e3o Universal e Comunh\u00e3o na Matriz<\/p>\n<p>Par\u00f3quia Santo Ant\u00f4nio do Paraibuna \u2013 Santo Ant\u00f4nio<\/p>\n<p>15h \u2013 A\u00e7\u00e3o Lit\u00fargica na Igreja Divino Esp\u00edrito Santo<br \/>19h \u2013 Serm\u00e3o das Sete Palavras, seguido de Vig\u00edlia Pascal at\u00e9 a meia-noite, com exposi\u00e7\u00e3o do Sant\u00edssimo<\/p>\n<p>Par\u00f3quia Divino Esp\u00edrito Santo \u2013 Progresso<\/p>\n<p>15h \u2013 Adora\u00e7\u00e3o da Santa Cruz na Matriz e na Capela Santa Clara<br \/>19h \u2013 Via-Sacra com encena\u00e7\u00e3o da Paix\u00e3o e Descimento da Cruz na Matriz<br \/>*Levar velas.<\/p>\n<p>Par\u00f3quia Nossa Senhora Aparecida \u2013 Nossa Senhora Aparecida<\/p>\n<p>6h30 \u2013 Ora\u00e7\u00e3o de Laudes na Matriz<br \/>7h \u2013 Via-Sacra pelas ruas do bairro<br \/>15h \u2013 A\u00e7\u00e3o Lit\u00fargica na Matriz<\/p>\n<p>Par\u00f3quia Santa Cruz \u2013 Bandeirantes<\/p>\n<p>15h \u2013 Solene A\u00e7\u00e3o Lit\u00fargica, leitura da Paix\u00e3o, Adora\u00e7\u00e3o \u00e0 Santa Cruz e Comunh\u00e3o<br \/>19h \u2013 Medita\u00e7\u00e3o das Sete Palavras de Cristo na Cruz, em seguida, prociss\u00e3o do Cristo Morto<br \/>*Levar velas.<\/p>\n<p>Par\u00f3quia Santa Teresinha \u2013 Santa Terezinha<\/p>\n<p>7h \u2013 Via-Sacra na Capela Nossa Senhora das Dores<br \/>13h \u2013 Visita e adora\u00e7\u00e3o ao Sant\u00edssimo na Matriz e nas capelas M\u00e3e Peregrina e S\u00e3o Crist\u00f3v\u00e3o<br \/>15h \u2013 A\u00e7\u00e3o lit\u00fargica na Matriz e nas capelas M\u00e3e Peregrina e S\u00e3o Crist\u00f3v\u00e3o<br \/>17h \u2013 Celebra\u00e7\u00e3o Lit\u00fargica da Paix\u00e3o de Cristo na Capela Nossa Senhora das Dores<br \/>19h30 \u2013 Prega\u00e7\u00e3o da Paix\u00e3o do Senhor na Matriz e Prociss\u00e3o do Enterro at\u00e9 a Capela S\u00e3o Crist\u00f3v\u00e3o<\/p>\n<p>Par\u00f3quia Nossa Senhora Aparecida \u2013 Linhares<\/p>\n<p>6h \u2013 Via-Sacra jovem<br \/>15h \u2013 Celebra\u00e7\u00e3o da Paix\u00e3o e Morte de Cristo na Matriz<br \/>19h \u2013 Encena\u00e7\u00e3o de vida, Paix\u00e3o e morte de Cristo em frente ao Caic<\/p>\n<p>Par\u00f3quia Nossa Senhora de Lourdes \u2013 Francisco Bernardino<\/p>\n<p>15h \u2013 A\u00e7\u00e3o Lit\u00fargica na Matriz e nas capelas Santa Clara, Nossa Senhora do Carmo, Nossa Senhora Aparecida, Nossa Senhora da Paz, Nossa Senhora da Miseric\u00f3rdia e S\u00e3o Sebasti\u00e3o<br \/>19h \u2013 Reflex\u00e3o sobre a Paix\u00e3o e visita \u00e0 imagem do Senhor Morto na Matriz<\/p>\n<p>Par\u00f3quia Nossa Senhora do Perp\u00e9tuo Socorro \u2013 Monte Castelo<\/p>\n<p>7h \u00e0s 14h30 \u2013 Vig\u00edlia Eucar\u00edstica na Matriz<br \/>15h \u2013 Adora\u00e7\u00e3o, beijo da Santa cruz e Vig\u00edlia at\u00e9 19h<br \/>19h30 \u2013 Serm\u00e3o do Descendimento da Cruz na Matriz<br \/>20h \u2013 Prociss\u00e3o do Enterro<\/p>\n<p>Par\u00f3quia Nossa Senhora da Cabe\u00e7a \u2013 S\u00e3o Dimas<\/p>\n<p>15h \u2013 Celebra\u00e7\u00e3o da Paix\u00e3o do Senhor na Matriz<br \/>19h30 \u2013 Encena\u00e7\u00e3o da Paix\u00e3o do Senhor na Capela Nossa Senhora Aparecida (Cer\u00e2mica), seguindo em dire\u00e7\u00e3o ao campo de futebol do bairro, onde acontece o Serm\u00e3o do Descendimento da Cruz<br \/>*Ap\u00f3s o serm\u00e3o, a prociss\u00e3o do Senhor Morto retorna \u00e0 Capela Nossa Senhora Aparecida.<\/p>\n<p>Par\u00f3quia Nossa Senhora de F\u00e1tima \u2013 Santa Cruz<\/p>\n<p>7h \u00e0s 12h \u2013 Atendimento de confiss\u00f5es na Matriz<br \/>15h \u2013 A\u00e7\u00e3o Lit\u00fargica na Matriz e na Igreja S\u00e3o Judas Tadeu<br \/>19h \u2013 Via-Sacra encenada pelos jovens e grupo de teatro da par\u00f3quia, saindo da Matriz<\/p>\n<p>Par\u00f3quia Nossa Senhora da Concei\u00e7\u00e3o \u2013 Benfica<\/p>\n<p>6h \u2013 Caminhada penitencial em dire\u00e7\u00e3o \u00e0 \u00c1rea Mission\u00e1ria Nossa Senhora do Perp\u00e9tuo Socorro (Residencial Miguel Marinho)<br \/>*Levar um crucifixo e livro da Via-Sacra.<br \/>15h \u2013 A\u00e7\u00e3o Lit\u00fargica na Matriz e nas capelas Nossa Senhora do Monte Serrat e Divino Esp\u00edrito Santo<br \/>19h \u2013 Serm\u00e3o do Descendimento da Cruz na Matriz e prociss\u00e3o do Senhor Morto<\/p>\n<p>Par\u00f3quia S\u00e3o Jo\u00e3o Paulo II \u2013 Nova Era<\/p>\n<p>15h \u2013 A\u00e7\u00e3o Lit\u00fargica na Matriz<br \/>19h30 \u2013 Encena\u00e7\u00e3o da Paix\u00e3o de Cristo na Capela Santo Ant\u00f4nio e prociss\u00e3o com o Senhor Morto para a Matriz<\/p>\n<p>Par\u00f3quia S\u00e3o Geraldo \u2013 Teixeiras<\/p>\n<p>15h \u2013 Adora\u00e7\u00e3o a Santa Cruz na Igreja Matriz e na Capela S\u00e3o Domingos<br \/>19h30 \u2013 Serm\u00e3o do Descendimento da Cruz na Matriz, em seguida, prociss\u00e3o do Enterro<\/p>\n<p>Par\u00f3quia Santa Luzia \u2013 Santa Luzia<\/p>\n<p>5h30 \u2013 Caminhada da Miseric\u00f3rdia na Matriz<br \/>15h \u2013 Celebra\u00e7\u00e3o da Paix\u00e3o do Senhor na Matriz e comunidades<br \/>19h30 \u2013 Encena\u00e7\u00e3o da Paix\u00e3o, Morte e Ressurrei\u00e7\u00e3o com a participa\u00e7\u00e3o do Grupo Semana Santa na Matriz<\/p>\n<p>Par\u00f3quia S\u00e3o Pio X \u2013 Ipiranga<\/p>\n<p>4h30 \u2013 Caminhada penitencial saindo da Capela Nossa Senhora de F\u00e1tima em dire\u00e7\u00e3o \u00e0 Matriz<br \/>15h \u2013 Exalta\u00e7\u00e3o da Santa Cruz na Capela S\u00e3o Judas Tadeu, seguida de prociss\u00e3o do Senhor Morto at\u00e9 a Capela S\u00e3o Geraldo<\/p>\n<p>Par\u00f3quia S\u00e3o Jos\u00e9 \u2013 Costa Carvalho<\/p>\n<p>6h \u2013 Via-Sacra na Matriz<br \/>15h \u2013 A\u00e7\u00e3o Lit\u00fargica na Matriz<br \/>20h \u2013 Via-Sacra encenada com o grupo jovem JOAM e Prociss\u00e3o do Enterro<\/p>\n<p>Par\u00f3quia Cristo Rei \u2013 Jardim do Sol<\/p>\n<p>8h \u2013 Visita domiciliar aos enfermos<br \/>15h \u2013 A\u00e7\u00e3o Lit\u00fargica e Adora\u00e7\u00e3o da Santa Cruz na Igreja Matriz, seguida de prociss\u00e3o e ora\u00e7\u00e3o pelos falecidos<br \/>*Levar uma vela e os nomes dos falecidos.<\/p>\n<p>Par\u00f3quia Nossa Senhora do Perp\u00e9tuo Socorro \u2013 Floresta<\/p>\n<p>9h \u2013 Via-Sacra da Catequese em todas as comunidades da par\u00f3quia<br \/>15h \u2013 Solene A\u00e7\u00e3o Lit\u00fargica da Paix\u00e3o nas comunidades da par\u00f3quia<br \/>19h30 \u2013 Teatro da Paix\u00e3o de Cristo no Campo de Futebol da Associa\u00e7\u00e3o de Moradores do Bairro Granjas Bethel<\/p>\n<p>Par\u00f3quia Nossa Senhora das Estradas \u2013 Igrejinha<\/p>\n<p>5h \u2013 Prociss\u00e3o penitencial saindo do sal\u00e3o paroquial da Capela S\u00e3o Jos\u00e9 (Valadares) em dire\u00e7\u00e3o ao Cemit\u00e9rio<br \/>6h \u2013 Via-Sacra Penitencial saindo da Matriz em dire\u00e7\u00e3o ao Cemit\u00e9rio<br \/>15h \u2013 A\u00e7\u00e3o Lit\u00fargica na Matriz<br \/>15h \u2013 Celebra\u00e7\u00e3o da Paix\u00e3o, adora\u00e7\u00e3o da Cruz e distribui\u00e7\u00e3o da Comunh\u00e3o na Capela S\u00e3o Jos\u00e9 (Valadares)<br \/>18h \u2013 Prociss\u00e3o luminosa saindo da Rua da Esta\u00e7\u00e3o em dire\u00e7\u00e3o \u00e0 Capela S\u00e3o Jos\u00e9 (Valadares)<br \/>19h \u2013 Encena\u00e7\u00e3o da Paix\u00e3o e Morte do Senhor em frente ao Coreto<\/p>\n<p>Par\u00f3quia S\u00e3o Francisco de Paula \u2013 Torre\u00f5es<\/p>\n<p>5h \u2013 Via-Sacra na Matriz<br \/>15h \u2013 A\u00e7\u00e3o Lit\u00fargica na Matriz<br \/>19h \u2013 Encena\u00e7\u00e3o da Paix\u00e3o e Morte de Cristo, Serm\u00e3o do Descimento da Cruz e Prociss\u00e3o do Enterro<\/p>\n<p>Quase-Par\u00f3quia Nossa Senhora Aparecida \u2013 Granjas Bet\u00e2nia<\/p>\n<p>6h \u2013 Caminhada Penitencial da Via-Sacra saindo da Igreja Matriz e percorrendo ruas do bairro<br \/>15h \u2013 Solene A\u00e7\u00e3o Lit\u00fargica da Paix\u00e3o e Morte do Senhor, Liturgia da Palavra, Adora\u00e7\u00e3o da Cruz e Comunh\u00e3o Eucar\u00edstica<br \/>19h30 \u2013 Encena\u00e7\u00e3o da Paix\u00e3o e Morte de Jesus com a participa\u00e7\u00e3o de jovens e adultos da comunidade na Igreja Matriz<\/p>\n<p>Interior<\/p>\n<p>Par\u00f3quia Nosso Senhor do Bonfim \u2013 Aracitaba\/MG<\/p>\n<p>15h \u2013 A\u00e7\u00e3o Lit\u00fargica da Paix\u00e3o e Morte de Cristo na Matriz<br \/>20h \u2013 Serm\u00e3o do Descimento da Cruz na Matriz, seguido de prociss\u00e3o do Senhor Morto percorrendo as ruas da cidade<\/p>\n<p>Par\u00f3quia Nossa Senhora Aparecida \u2013 Arantina\/MG<\/p>\n<p>5h \u2013 Via-Sacra na Matriz<br \/>15h \u2013 Solene A\u00e7\u00e3o Lit\u00fargica e Adora\u00e7\u00e3o da Santa Cruz na Matriz<br \/>19h \u2013 Encena\u00e7\u00e3o da Paix\u00e3o e Morte de Jesus, seguida de Prociss\u00e3o do Senhor Morto<\/p>\n<p>Par\u00f3quia Santa Ana \u2013 Belmiro Braga\/MG<\/p>\n<p>15h \u2013 Solene A\u00e7\u00e3o Lit\u00fargica da Paix\u00e3o e Morte do Senhor na Matriz<br \/>18h \u2013 Encena\u00e7\u00e3o com os jovens na Matriz, seguida do Descendimento da Cruz e prociss\u00e3o com o Senhor morto pelas ruas da cidade<br \/>15h \u2013 Solene A\u00e7\u00e3o Lit\u00fargica da Paix\u00e3o e Morte do Senhor na Capela S\u00e3o Sebasti\u00e3o (Fortaleza)<br \/>15h \u2013 Solene A\u00e7\u00e3o Lit\u00fargica da Paix\u00e3o e Morte do Senhor na Capela S\u00e3o Bento (Sobragy)<br \/>19h \u2013 Descendimento da Cruz na Capela S\u00e3o Bento (Sobragy)<\/p>\n<p>Par\u00f3quia S\u00e3o Jos\u00e9 \u2013 S\u00e3o Jos\u00e9 das Tr\u00eas Ilhas\/MG (distrito de Belmiro Braga)<\/p>\n<p>19h \u2013 Solene A\u00e7\u00e3o Lit\u00fargica da Paix\u00e3o e Morte do Senhor na Matriz, seguida de Descendimento da Cruz e Prociss\u00e3o<\/p>\n<p>Par\u00f3quia Nossa Senhora do Ros\u00e1rio \u2013 Bocaina de Minas\/MG<\/p>\n<p>5h \u2013 Caminhada Penitencial<br \/>15h \u2013 A\u00e7\u00e3o Lit\u00fargica na Matriz<br \/>19h \u2013 Encena\u00e7\u00e3o, Serm\u00e3o do Descendimento no adro da Matriz e Prociss\u00e3o<\/p>\n<p>Par\u00f3quia S\u00e3o Vicente de Paulo \u2013 Coronel Pacheco\/MG<\/p>\n<p>5h \u2013 Via-Sacra nas comunidades<br \/>6h \u2013 Via-Sacra pelas ruas da cidade<br \/>15h \u2013 Celebra\u00e7\u00e3o da Paix\u00e3o do Senhor na Matriz e nas comunidades<br \/>19h \u2013 Encena\u00e7\u00e3o da Paix\u00e3o do Senhor, Serm\u00e3o e Prociss\u00e3o do Senhor Morto<\/p>\n<p>Par\u00f3quia Divino Esp\u00edrito Santo \u2013 Guarar\u00e1\/MG<\/p>\n<p>9h \u00e0s 12h \u2013 Visita ao Sant\u00edssimo Sacramento<br \/>15h \u2013 Celebra\u00e7\u00e3o da Paix\u00e3o do Senhor na Matriz<br \/>19h \u2013 Descendimento de Cristo da Cruz e Prociss\u00e3o do Senhor Morto com a participa\u00e7\u00e3o da banda de m\u00fasica de Guarar\u00e1<\/p>\n<p>Par\u00f3quia S\u00e3o Sebasti\u00e3o \u2013 Marip\u00e1 de Minas\/MG<\/p>\n<p>9h \u00e0s 12h \u2013 Visita ao Sant\u00edssimo Sacramento<br \/>15h \u2013 A\u00e7\u00e3o lit\u00fargica na Matriz<br \/>19h \u2013 Descendimento da Cruz, seguida de prociss\u00e3o e encena\u00e7\u00e3o do Cristo na Cruz<\/p>\n<p>Par\u00f3quia Nossa Senhora da Concei\u00e7\u00e3o \u2013 Matias Barbosa\/MG<\/p>\n<p>6h \u00e0s 10h \u2013 Adora\u00e7\u00e3o ao Sant\u00edssimo<br \/>15h \u2013 Solene A\u00e7\u00e3o Lit\u00fargica na Matriz e nas capelas Santa Teresinha e Nossa Senhora Aparecida (Beira Linha)<br \/>18h \u2013 Serm\u00e3o das Sete Palavras na Capela S\u00e3o Sebasti\u00e3o (Cotegipe)<br \/>19h \u2013 Serm\u00e3o das Sete Palavras na Matriz, seguida de Prociss\u00e3o do Enterro<\/p>\n<p>Par\u00f3quia Santo Ant\u00f4nio \u2013 Passa Vinte\/MG<\/p>\n<p>15h \u2013 A\u00e7\u00e3o Lit\u00fargica na Matriz<br \/>20h \u2013 Encena\u00e7\u00e3o da Via-Sacra<br \/>21h \u2013 Descendimento da Cruz, Serm\u00e3o das Sete Palavras e Prociss\u00e3o do Enterro<\/p>\n<p>Par\u00f3quia Nossa Senhora de Lourdes \u2013 Pedro Teixeira\/MG<\/p>\n<p>15h \u2013 A\u00e7\u00e3o Lit\u00fargica na Matriz<br \/>19h \u2013 Encena\u00e7\u00e3o, Serm\u00e3o do Descendimento e Prociss\u00e3o do Enterro<\/p>\n<p>Par\u00f3quia Nossa Senhora da Concei\u00e7\u00e3o \u2013 Rio Novo\/MG<\/p>\n<p>15h \u2013 A\u00e7\u00e3o Lit\u00fargica na Matriz e nas comunidades Nossa Senhora Aparecida e em Furtado de Campos<br \/>19h \u2013 Encena\u00e7\u00e3o da Paix\u00e3o de Cristo no Parque de Exposi\u00e7\u00e3o (Grupo Ra\u00edzes) e Prociss\u00e3o do Enterro at\u00e9 a Matriz<\/p>\n<p>Par\u00f3quia Nosso Senhor dos Passos \u2013 Rio Preto\/MG<\/p>\n<p>6h \u2013 Visita ao Cemit\u00e9rio<br \/>7h \u2013 Caminhada Penitencial saindo da Matriz at\u00e9 a Igreja Santo Ant\u00f4nio<br \/>14h45 \u2013 In\u00edcio da Novena em honra a Divina Miseric\u00f3rdia na Matriz<br \/>15h \u2013 A\u00e7\u00e3o Lit\u00fargica na Matriz<br \/>20h \u2013 Serm\u00e3o do Descendimento da Cruz na pra\u00e7a da Matriz e prociss\u00e3o<\/p>\n<p>Par\u00f3quia Sant\u2019Ana \u2013 Santana do Deserto\/MG<\/p>\n<p>5h \u2013 Caminhada Penitencial com Via-Sacra<br \/>15h \u2013 Solene A\u00e7\u00e3o Lit\u00fargica<br \/>19h \u2013 Serm\u00e3o do Descendimento da Cruz<br \/>19h30 \u2013 Medita\u00e7\u00e3o da Paix\u00e3o do Senhor e prociss\u00e3o<\/p>\n<p>Par\u00f3quia Sant\u2019Ana \u2013 Santana do Garamb\u00e9u\/MG<\/p>\n<p>5h \u2013 Caminhada penitencial saindo da Capela S\u00e3o Francisco<br \/>15h \u2013 A\u00e7\u00e3o Lit\u00fargica na Matriz<br \/>19h \u2013 Serm\u00e3o das Sete Palavras, Descendimento de Jesus e Prociss\u00e3o do Enterro<\/p>\n<p>Par\u00f3quia S\u00e3o Miguel e Almas \u2013 Santos Dumont\/MG<\/p>\n<p>6h \u2013 Prociss\u00e3o Penitencial saindo da Matriz em dire\u00e7\u00e3o \u00e0 Igreja dos Passos com as imagens de Nosso Senhor dos Passos e Nossa Senhora das Dores<br \/>7h \u00e0s 11h \u2013 Visita\u00e7\u00e3o \u00e0s imagens<br \/>15h \u2013 A\u00e7\u00e3o Lit\u00fargica na Matriz<br \/>20h \u2013 Serm\u00e3o do Descendimento da Cruz na Pra\u00e7a Bias Fortes e Prociss\u00e3o do Enterro<\/p>\n<p>Par\u00f3quia S\u00e3o Sebasti\u00e3o \u2013 Santos Dumont\/MG<\/p>\n<p>6h \u2013 Caminhada Penitencial at\u00e9 o Cruzeiro<br \/>15h \u2013 A\u00e7\u00e3o Lit\u00fargica na Matriz<br \/>19h \u2013 Serm\u00e3o do Descendimento da Cruz na Pra\u00e7a da B\u00edblia e prociss\u00e3o at\u00e9 a Matriz<\/p>\n<p>Par\u00f3quia S\u00e3o Jo\u00e3o Nepomuceno &#8211; S\u00e3o Jo\u00e3o Nepomuceno\/MG<\/p>\n<p>5h \u2013 Via-Sacra Penitencial saindo da Igreja Matriz para a Igreja Maria M\u00e3e de Jesus<br \/>15h \u2013 Celebra\u00e7\u00e3o da Paix\u00e3o na Igreja Matriz<br \/>15h \u2013 Celebra\u00e7\u00e3o da Paix\u00e3o nas capelas S\u00e3o Francisco de Assis (Araci), S\u00e3o Jos\u00e9 (Itu\u00ed) e Nossa Senhora Aparecida (Bra\u00fana)<br \/>19h \u2013 Encena\u00e7\u00e3o da Paix\u00e3o de Cristo na Igreja Matriz e Prociss\u00e3o do Enterro para a Igreja Nossa Senhora do Ros\u00e1rio<\/p>\n<p>Par\u00f3quia Sagrada Fam\u00edlia \u2013 S\u00e3o Jo\u00e3o Nepomuceno\/MG<\/p>\n<p>5h30 \u2013 Via-Sacra do Desafio saindo da pra\u00e7a do Bairro Belo Horizonte em dire\u00e7\u00e3o \u00e0 Capela Santo Ant\u00f4nio, onde haver\u00e1 Missa e atendimento de confiss\u00f5es<br \/>*Haver\u00e1 o gesto concreto de arrecada\u00e7\u00e3o e alimentos.<br \/>6h \u00e0s 15h \u2013 Adora\u00e7\u00e3o ao Sant\u00edssimo Sacramento na Capela Nossa Senhora Aparecida<br \/>15h \u2013 Celebra\u00e7\u00e3o da Paix\u00e3o nas comunidades Nossa Senhora Aparecida, Rosa M\u00edstica e Nossa Senhora das Gra\u00e7as<\/p>\n<p>Par\u00f3quia Nossa Senhora da Gl\u00f3ria \u2013 Sim\u00e3o Pereira\/MG<\/p>\n<p>6h \u2013 Caminhada Penitencial saindo do adro da Matriz em dire\u00e7\u00e3o \u00e0 Comunidade Nossa Senhora Aparecida<br \/>15h \u2013 Solene A\u00e7\u00e3o Lit\u00fargica da Paix\u00e3o e Morte do Senhor na Matriz<br \/>19h \u2013 Encena\u00e7\u00e3o no Adro da Matriz, seguida de prociss\u00e3o com o Senhor morto pelas ruas da cidade<\/p>\n<p>Fonte: Assessoria \/ Arquidiocese<\/p>\n","protected":false},"excerpt":{"rendered":"<p>A Sexta-Feira Santa, celebrada no dia 30 de mar\u00e7o, recorda a Paix\u00e3o e Morte de Cristo. Para os cat\u00f3licos, este dia \u00e9 marcado pelo sil\u00eancio, pelo jejum e pela ora\u00e7\u00e3o e, ao contr\u00e1rio do que muitos pensam, n\u00e3o deve ser vivido em clima de luto, mas de profundo respeito diante da morte de Cristo. Neste [&hellip;]<\/p>\n","protected":false},"author":96,"featured_media":94861,"comment_status":"closed","ping_status":"closed","sticky":false,"template":"","format":"standard","meta":{"footnotes":""},"categories":[253],"tags":[],"class_list":["post-94862","post","type-post","status-publish","format-standard","has-post-thumbnail","hentry","category-cidade"],"_links":{"self":[{"href":"https:\/\/diarioregionaldigital.com.br\/index.php?rest_route=\/wp\/v2\/posts\/94862","targetHints":{"allow":["GET"]}}],"collection":[{"href":"https:\/\/diarioregionaldigital.com.br\/index.php?rest_route=\/wp\/v2\/posts"}],"about":[{"href":"https:\/\/diarioregionaldigital.com.br\/index.php?rest_route=\/wp\/v2\/types\/post"}],"author":[{"embeddable":true,"href":"https:\/\/diarioregionaldigital.com.br\/index.php?rest_route=\/wp\/v2\/users\/96"}],"replies":[{"embeddable":true,"href":"https:\/\/diarioregionaldigital.com.br\/index.php?rest_route=%2Fwp%2Fv2%2Fcomments&post=94862"}],"version-history":[{"count":0,"href":"https:\/\/diarioregionaldigital.com.br\/index.php?rest_route=\/wp\/v2\/posts\/94862\/revisions"}],"wp:featuredmedia":[{"embeddable":true,"href":"https:\/\/diarioregionaldigital.com.br\/index.php?rest_route=\/wp\/v2\/media\/94861"}],"wp:attachment":[{"href":"https:\/\/diarioregionaldigital.com.br\/index.php?rest_route=%2Fwp%2Fv2%2Fmedia&parent=94862"}],"wp:term":[{"taxonomy":"category","embeddable":true,"href":"https:\/\/diarioregionaldigital.com.br\/index.php?rest_route=%2Fwp%2Fv2%2Fcategories&post=94862"},{"taxonomy":"post_tag","embeddable":true,"href":"https:\/\/diarioregionaldigital.com.br\/index.php?rest_route=%2Fwp%2Fv2%2Ftags&post=94862"}],"curies":[{"name":"wp","href":"https:\/\/api.w.org\/{rel}","templated":true}]}}