{"id":94858,"date":"2018-03-29T14:57:06","date_gmt":"2018-03-29T17:57:06","guid":{"rendered":"http:\/\/diarioregionaljf.com.br\/2018\/03\/29\/centro-de-saude-da-mulher-e-da-crianca-e-inaugurado-em-muriae\/"},"modified":"2018-03-29T14:57:06","modified_gmt":"2018-03-29T17:57:06","slug":"centro-de-saude-da-mulher-e-da-crianca-e-inaugurado-em-muriae","status":"publish","type":"post","link":"https:\/\/diarioregionaldigital.com.br\/?p=94858","title":{"rendered":"Centro de Sa\u00fade da Mulher e da Crian\u00e7a \u00e9 inaugurado em Muria\u00e9"},"content":{"rendered":"<p>O Centro de Sa\u00fade da Mulher e da Crian\u00e7a \u00e9 o novo espa\u00e7o inaugurado pela Prefeitura de Muria\u00e9 para atendimento especializado gratuito \u00e0s gestantes e crian\u00e7as at\u00e9 12 anos. O novo servi\u00e7o foi inaugurado nessa quarta-feira, 28, e ampliar\u00e1 as formas de assist\u00eancia m\u00e9dica \u00e0s mulheres e crian\u00e7as, oferecendo ginecologistas e pediatras para acompanhamento b\u00e1sico e realiza\u00e7\u00e3o de exames preventivos e pr\u00e9-natal em um local exclusivo para m\u00e3es e filhos.<\/p>\n<p>O Centro foi instalado pela Secretaria Municipal de Sa\u00fade para atender tanto as mulheres que recebem encaminhamento pelas Unidades B\u00e1sicas de Sa\u00fade, quanto para receber gestantes e rec\u00e9m-nascidos que chegam por meio dos hospitais. \u201cPara as crian\u00e7as que nascerem no hospital, a m\u00e3e j\u00e1 sair\u00e1 da maternidade com a consulta marcada no novo ambiente, espec\u00edfico para atendimento \u00e0s mulheres. Desta maneira, todo o acompanhamento do p\u00f3s-parto (puerp\u00e9rio) ser\u00e1 realizado dentro da institui\u00e7\u00e3o p\u00fablica, assim como a assist\u00eancia \u00e0s crian\u00e7as at\u00e9 os 12 anos de idade\u201d, disse o secret\u00e1rio Adjunto de Sa\u00fade,Wescley de Souza. O secret\u00e1rio de Sa\u00fade, Paulo C\u00e9sar de Oliveira, informou que o local j\u00e1 est\u00e1 equipado com ultrasson e lembrou que a id\u00e9ia \u00e9 inovadora na regi\u00e3o.<\/p>\n<p>O Centro de Sa\u00fade da Mulher e da Crian\u00e7a recebeu o nome de Waltecy Ant\u00f4nio Garcia para homenagear o m\u00e9dico que dirigiu por muitos anos a maternidade do Hospital S\u00e3o Paulo. O Centro foi desenvolvido com o apoio da Unifaminas, que tamb\u00e9m disponibilizar\u00e1 m\u00e9dicos para os atendimentos di\u00e1rios. \u201cFirmamos um conv\u00eanio com o Centro Universit\u00e1rio Faminas para que tenhamos mais m\u00e9dicos ginecologistas e pediatras. Nossa Administra\u00e7\u00e3o d\u00e1 prioridade \u00e0 sa\u00fade em todos os sentidos, oferecendo mais espa\u00e7o para os tratamentos das mulheres, beb\u00eas e crian\u00e7as\u201d, frisou o prefeito Grego.<\/p>\n<p>Fonte: Assessoria \/ Prefeitura de Muria\u00e9<\/p>\n","protected":false},"excerpt":{"rendered":"<p>O Centro de Sa\u00fade da Mulher e da Crian\u00e7a \u00e9 o novo espa\u00e7o inaugurado pela Prefeitura de Muria\u00e9 para atendimento especializado gratuito \u00e0s gestantes e crian\u00e7as at\u00e9 12 anos. O novo servi\u00e7o foi inaugurado nessa quarta-feira, 28, e ampliar\u00e1 as formas de assist\u00eancia m\u00e9dica \u00e0s mulheres e crian\u00e7as, oferecendo ginecologistas e pediatras para acompanhamento b\u00e1sico [&hellip;]<\/p>\n","protected":false},"author":96,"featured_media":94857,"comment_status":"closed","ping_status":"closed","sticky":false,"template":"","format":"standard","meta":{"footnotes":""},"categories":[252],"tags":[],"class_list":["post-94858","post","type-post","status-publish","format-standard","has-post-thumbnail","hentry","category-regiao"],"_links":{"self":[{"href":"https:\/\/diarioregionaldigital.com.br\/index.php?rest_route=\/wp\/v2\/posts\/94858","targetHints":{"allow":["GET"]}}],"collection":[{"href":"https:\/\/diarioregionaldigital.com.br\/index.php?rest_route=\/wp\/v2\/posts"}],"about":[{"href":"https:\/\/diarioregionaldigital.com.br\/index.php?rest_route=\/wp\/v2\/types\/post"}],"author":[{"embeddable":true,"href":"https:\/\/diarioregionaldigital.com.br\/index.php?rest_route=\/wp\/v2\/users\/96"}],"replies":[{"embeddable":true,"href":"https:\/\/diarioregionaldigital.com.br\/index.php?rest_route=%2Fwp%2Fv2%2Fcomments&post=94858"}],"version-history":[{"count":0,"href":"https:\/\/diarioregionaldigital.com.br\/index.php?rest_route=\/wp\/v2\/posts\/94858\/revisions"}],"wp:featuredmedia":[{"embeddable":true,"href":"https:\/\/diarioregionaldigital.com.br\/index.php?rest_route=\/wp\/v2\/media\/94857"}],"wp:attachment":[{"href":"https:\/\/diarioregionaldigital.com.br\/index.php?rest_route=%2Fwp%2Fv2%2Fmedia&parent=94858"}],"wp:term":[{"taxonomy":"category","embeddable":true,"href":"https:\/\/diarioregionaldigital.com.br\/index.php?rest_route=%2Fwp%2Fv2%2Fcategories&post=94858"},{"taxonomy":"post_tag","embeddable":true,"href":"https:\/\/diarioregionaldigital.com.br\/index.php?rest_route=%2Fwp%2Fv2%2Ftags&post=94858"}],"curies":[{"name":"wp","href":"https:\/\/api.w.org\/{rel}","templated":true}]}}